{"id":19230,"date":"2016-04-28T10:00:46","date_gmt":"2016-04-28T09:00:46","guid":{"rendered":"https:\/\/blogs.fu-berlin.de\/bibliotheken\/?p=19230"},"modified":"2021-09-16T11:08:30","modified_gmt":"2021-09-16T10:08:30","slug":"veranstaltungshinweis-rathaus-europa","status":"publish","type":"post","link":"https:\/\/blogs.fu-berlin.de\/bibliotheken\/2016\/04\/28\/veranstaltungshinweis-rathaus-europa\/","title":{"rendered":"Veranstaltungshinweis: RatHAUS EUROPA"},"content":{"rendered":"\n<p><em><span class=\"has-inline-color has-bright-red-color\">Der Betrieb des \u201eDokumentationszentrums UN \u2013 EU\u201c wird eingestellt. Die entsprechende Literatur bleibt im Bestand und ist weiterhin zug\u00e4nglich.<\/span><\/em><\/p>\n\n\n<p><a href=\"https:\/\/blogs.fu-berlin.de\/bibliotheken\/files\/2016\/04\/www.berlin.de_.jpg\"><img loading=\"lazy\" decoding=\"async\" class=\" size-full wp-image-19231 alignright\" src=\"https:\/\/blogs.fu-berlin.de\/bibliotheken\/files\/2016\/04\/www.berlin.de_.jpg\" alt=\"www.berlin.de\" width=\"166\" height=\"125\"><\/a>Am 6. und 7. Mai k\u00f6nnen B\u00fcrger im Berliner Rathaus mit Politikern und Menschen aus allen 28 EU-Mitgliedsstaaten \u00fcber die Zukunft Europas diskutieren. Daf\u00fcr wird das Rote Rathaus zum <a href=\"https:\/\/www.berlin.de\/rbmskzl\/europa\/europa-in-berlin\/veranstaltungen\/rathaus-europa\/\">RatHAUS EUROPA<\/a>.<\/p>\n<p>Es geht dabei um die zentralen Fragen<\/p>\n<p><strong>Was verbindet uns in Europa und was trennt uns?<\/strong><br>\n<strong>Welches Europa wollen wir?<\/strong><br>\n<strong>Wie viel Europa m\u00f6chten wir \u2013 und was sind wir bereit, daf\u00fcr zu tun?<\/strong><\/p>\n<p>Dazu wird es Vortr\u00e4ge, Workshops und Podiumsdiskussionen geben. Das genaue Programm ist <a href=\"https:\/\/www.berlin.de\/rbmskzl\/europa\/europa-in-berlin\/veranstaltungen\/rathaus-europa\/artikel.465412.php\">hier<\/a> zu finden.<\/p>\n<p>Wann: 6. und 7. Mai (Er\u00f6ffnung am 6. Mai um 17 Uhr)<\/p>\n<p>Wo: Rotes Rathaus, Rathausstr. 10178 Berlin<\/p>\n<p>Eine vorherige <a href=\"https:\/\/www.berlin.de\/rbmskzl\/europa\/europa-in-berlin\/veranstaltungen\/rathaus-europa\/formular.463117.php\">Anmeldung<\/a> ist erforderlich, die Teilnehmerzahl ist auf 250 begrenzt.<\/p>\n<p>&nbsp;<\/p>\n<p>Weitere Informationen zur EU bekommen Sie in unserem <a href=\"https:\/\/www.fu-berlin.de\/sites\/ub\/ueber-uns\/un-eu\/index.html\">Dokumentationszentrum&nbsp;UN-EU<\/a>.<\/p>","protected":false},"excerpt":{"rendered":"<p>Der Betrieb des \u201eDokumentationszentrums UN \u2013 EU\u201c wird eingestellt. Die entsprechende Literatur bleibt im Bestand und ist weiterhin zug\u00e4nglich. Am 6. und 7. Mai k\u00f6nnen B\u00fcrger im Berliner Rathaus mit Politikern und Menschen aus allen 28 EU-Mitgliedsstaaten \u00fcber die Zukunft Europas diskutieren. Daf\u00fcr wird das Rote Rathaus zum RatHAUS EUROPA. Es geht dabei um die &hellip; <a href=\"https:\/\/blogs.fu-berlin.de\/bibliotheken\/2016\/04\/28\/veranstaltungshinweis-rathaus-europa\/\" class=\"more-link\"><span class=\"screen-reader-text\">\u201eVeranstaltungshinweis: RatHAUS EUROPA\u201c<\/span> weiterlesen<\/a><\/p>\n","protected":false},"author":343,"featured_media":0,"comment_status":"open","ping_status":"open","sticky":false,"template":"","format":"standard","meta":{"footnotes":""},"categories":[604,70],"tags":[2458,56945,1977,57454,2102],"class_list":["post-19230","post","type-post","status-publish","format-standard","hentry","category-ins-netz-geschaut","category-veranstaltungen","tag-dokumentationszentrum-un-eu","tag-europaeische-kommission","tag-europaische-union","tag-rotes-rathaus","tag-veranstaltung"],"_links":{"self":[{"href":"https:\/\/blogs.fu-berlin.de\/bibliotheken\/wp-json\/wp\/v2\/posts\/19230","targetHints":{"allow":["GET"]}}],"collection":[{"href":"https:\/\/blogs.fu-berlin.de\/bibliotheken\/wp-json\/wp\/v2\/posts"}],"about":[{"href":"https:\/\/blogs.fu-berlin.de\/bibliotheken\/wp-json\/wp\/v2\/types\/post"}],"author":[{"embeddable":true,"href":"https:\/\/blogs.fu-berlin.de\/bibliotheken\/wp-json\/wp\/v2\/users\/343"}],"replies":[{"embeddable":true,"href":"https:\/\/blogs.fu-berlin.de\/bibliotheken\/wp-json\/wp\/v2\/comments?post=19230"}],"version-history":[{"count":3,"href":"https:\/\/blogs.fu-berlin.de\/bibliotheken\/wp-json\/wp\/v2\/posts\/19230\/revisions"}],"predecessor-version":[{"id":29509,"href":"https:\/\/blogs.fu-berlin.de\/bibliotheken\/wp-json\/wp\/v2\/posts\/19230\/revisions\/29509"}],"wp:attachment":[{"href":"https:\/\/blogs.fu-berlin.de\/bibliotheken\/wp-json\/wp\/v2\/media?parent=19230"}],"wp:term":[{"taxonomy":"category","embeddable":true,"href":"https:\/\/blogs.fu-berlin.de\/bibliotheken\/wp-json\/wp\/v2\/categories?post=19230"},{"taxonomy":"post_tag","embeddable":true,"href":"https:\/\/blogs.fu-berlin.de\/bibliotheken\/wp-json\/wp\/v2\/tags?post=19230"}],"curies":[{"name":"wp","href":"https:\/\/api.w.org\/{rel}","templated":true}]}}