{"id":19259,"date":"2016-05-03T14:00:26","date_gmt":"2016-05-03T13:00:26","guid":{"rendered":"https:\/\/blogs.fu-berlin.de\/bibliotheken\/?p=19259"},"modified":"2021-09-16T11:08:05","modified_gmt":"2021-09-16T10:08:05","slug":"deutschland-vertreten-beim-european-heritage-award","status":"publish","type":"post","link":"https:\/\/blogs.fu-berlin.de\/bibliotheken\/2016\/05\/03\/deutschland-vertreten-beim-european-heritage-award\/","title":{"rendered":"Deutschland vertreten beim European Heritage Award"},"content":{"rendered":"\n<p><em><span class=\"has-inline-color has-bright-red-color\">Der Betrieb des \u201eDokumentationszentrums UN \u2013 EU\u201c wird eingestellt. Die entsprechende Literatur bleibt im Bestand und ist weiterhin zug\u00e4nglich.<\/span><\/em><\/p>\n\n\n<p style=\"text-align: justify\"><a href=\"https:\/\/blogs.fu-berlin.de\/bibliotheken\/files\/2016\/05\/europa_nostra_internationaal_logo.jpg\"><img loading=\"lazy\" decoding=\"async\" class=\" size-full wp-image-19261 alignright\" src=\"https:\/\/blogs.fu-berlin.de\/bibliotheken\/files\/2016\/05\/europa_nostra_internationaal_logo.jpg\" alt=\"europa_nostra_internationaal_logo\" width=\"135\" height=\"230\"><\/a>Noch f\u00fcnf Tage, bis zum 8. Mai, kann \u00fcber den <a href=\"https:\/\/vote.europanostra.org\/\">Public Coice Award<\/a> des kulturellen Erbes der Europ\u00e4ischen Union mitentscheiden. Dieser wird im Rahmen der&nbsp;European Heritage&nbsp;Awards 2016 des Verbundes <a href=\"https:\/\/www.europanostra.de\/\">Europa Nostra<\/a> verliehen. Man kann seine Stimme einmalig f\u00fcr bis zu drei Projekte abgeben. Allerdings nicht f\u00fcr mehr als ein Projekt pro Land. Bei 28 Projekten aus 16 L\u00e4ndern ist aber gen\u00fcgend Auswahl. Auch ein deutsches Projekt steht zur Wahl.<\/p>\n<p style=\"text-align: justify\">Zu gewinnen gibt es auch etwas, n\u00e4mlich eine Reise f\u00fcr Zwei nach Madrid zur Vergabe des European Heritage Awards am 24. Mai.<\/p>\n<p style=\"text-align: justify\">Weitere Informationen zur EU bekommen Sie in unserem <a href=\"https:\/\/www.fu-berlin.de\/sites\/ub\/ueber-uns\/un-eu\/index.html\">Dokumentationszentrum&nbsp;UN-EU<\/a>.<\/p>","protected":false},"excerpt":{"rendered":"<p>Der Betrieb des \u201eDokumentationszentrums UN \u2013 EU\u201c wird eingestellt. Die entsprechende Literatur bleibt im Bestand und ist weiterhin zug\u00e4nglich. Noch f\u00fcnf Tage, bis zum 8. Mai, kann \u00fcber den Public Coice Award des kulturellen Erbes der Europ\u00e4ischen Union mitentscheiden. Dieser wird im Rahmen der&nbsp;European Heritage&nbsp;Awards 2016 des Verbundes Europa Nostra verliehen. Man kann seine Stimme &hellip; <a href=\"https:\/\/blogs.fu-berlin.de\/bibliotheken\/2016\/05\/03\/deutschland-vertreten-beim-european-heritage-award\/\" class=\"more-link\"><span class=\"screen-reader-text\">\u201eDeutschland vertreten beim European Heritage Award\u201c<\/span> weiterlesen<\/a><\/p>\n","protected":false},"author":343,"featured_media":0,"comment_status":"open","ping_status":"open","sticky":false,"template":"","format":"standard","meta":{"footnotes":""},"categories":[604],"tags":[2458,1977,57456,57457],"class_list":["post-19259","post","type-post","status-publish","format-standard","hentry","category-ins-netz-geschaut","tag-dokumentationszentrum-un-eu","tag-europaische-union","tag-kulturelles-erbe","tag-madrid"],"_links":{"self":[{"href":"https:\/\/blogs.fu-berlin.de\/bibliotheken\/wp-json\/wp\/v2\/posts\/19259","targetHints":{"allow":["GET"]}}],"collection":[{"href":"https:\/\/blogs.fu-berlin.de\/bibliotheken\/wp-json\/wp\/v2\/posts"}],"about":[{"href":"https:\/\/blogs.fu-berlin.de\/bibliotheken\/wp-json\/wp\/v2\/types\/post"}],"author":[{"embeddable":true,"href":"https:\/\/blogs.fu-berlin.de\/bibliotheken\/wp-json\/wp\/v2\/users\/343"}],"replies":[{"embeddable":true,"href":"https:\/\/blogs.fu-berlin.de\/bibliotheken\/wp-json\/wp\/v2\/comments?post=19259"}],"version-history":[{"count":4,"href":"https:\/\/blogs.fu-berlin.de\/bibliotheken\/wp-json\/wp\/v2\/posts\/19259\/revisions"}],"predecessor-version":[{"id":29507,"href":"https:\/\/blogs.fu-berlin.de\/bibliotheken\/wp-json\/wp\/v2\/posts\/19259\/revisions\/29507"}],"wp:attachment":[{"href":"https:\/\/blogs.fu-berlin.de\/bibliotheken\/wp-json\/wp\/v2\/media?parent=19259"}],"wp:term":[{"taxonomy":"category","embeddable":true,"href":"https:\/\/blogs.fu-berlin.de\/bibliotheken\/wp-json\/wp\/v2\/categories?post=19259"},{"taxonomy":"post_tag","embeddable":true,"href":"https:\/\/blogs.fu-berlin.de\/bibliotheken\/wp-json\/wp\/v2\/tags?post=19259"}],"curies":[{"name":"wp","href":"https:\/\/api.w.org\/{rel}","templated":true}]}}