{"id":19265,"date":"2016-05-06T12:00:15","date_gmt":"2016-05-06T11:00:15","guid":{"rendered":"https:\/\/blogs.fu-berlin.de\/bibliotheken\/?p=19265"},"modified":"2021-09-16T11:07:44","modified_gmt":"2021-09-16T10:07:44","slug":"lesung-zur-arabellion","status":"publish","type":"post","link":"https:\/\/blogs.fu-berlin.de\/bibliotheken\/2016\/05\/06\/lesung-zur-arabellion\/","title":{"rendered":"Lesung zur Arabellion"},"content":{"rendered":"\n<p><em><span class=\"has-inline-color has-bright-red-color\">Der Betrieb des \u201eDokumentationszentrums UN \u2013 EU\u201c wird eingestellt. Die entsprechende Literatur bleibt im Bestand und ist weiterhin zug\u00e4nglich.<\/span><\/em><\/p>\n\n\n<p class=\"news-single-timedata\"><a title=\"\" href=\"https:\/\/www.institut-fuer-menschenrechte.de\/fileadmin\/user_upload\/Fotos_Grafiken\/Personen_2015-2016\/Gerlach_Julia_2015_WEB_Copyright_privat.jpg\" rel=\"Array\"> <img loading=\"lazy\" decoding=\"async\" class=\" alignright\" src=\"https:\/\/www.institut-fuer-menschenrechte.de\/fileadmin\/_processed_\/csm_Gerlach_Julia_2015_WEB_Copyright_privat_44dd3e96f3.jpg\" alt=\"Portr\u00e4t\" width=\"120\" height=\"180\"> <\/a>Am Dienstag, 10.05., findet in der <a href=\"https:\/\/www.institut-fuer-menschenrechte.de\/bibliothek\/\">Bibliothek<\/a> des <a href=\"https:\/\/www.institut-fuer-menschenrechte.de\">Institutes f\u00fcr Menschenrechte<\/a> eine <a href=\"https:\/\/www.institut-fuer-menschenrechte.de\/aktuell\/veranstaltungen\/veranstaltungsdetail\/article\/lesung-und-gespraech-mit-julia-gerlach-der-verpasste-fruehling\/\">Lesung<\/a> der Autorin Julia Gerlach (&#8222;Der verpasste Fr\u00fchling. Woran die Arabellion gescheitert ist&#8220;, Ch. Links Verlag, 2016. ISBN 978-3861538684, im <a href=\"https:\/\/primo.kobv.de\/FUB:FUB_ALEPH005714331\">Bestand der UB<\/a> vorhanden) statt. Es wird auch die M\u00f6glichkeit geben, mit der Autorin ins Gespr\u00e4ch zu kommen.<\/p>\n<p>Die Moderation\u00fcbernimmt Dr. Anna W\u00fcrth vom Deutschen Institut f\u00fcr Menschenrechte.<\/p>\n<p><strong>Zeit<\/strong>: 10.05.2016 18:30<\/p>\n<p><strong>Ort<\/strong>: Deutsches Institut f\u00fcr Menschenrechte<br>\nBibliothek, Aufgang A, 7. Etage<br>\nZimmerstr. 26\/27<br>\n10969 Berlin<\/p>\n<p class=\"news-single-timedata\">Der Eintritt ist frei, um <a href=\"https:\/\/www.institut-fuer-menschenrechte.de\/aktuell\/veranstaltungen\/anmeldeformular-lesung-der-verpasste-fruehling\/\">Anmeldung<\/a> wird gebeten.<\/p>\n<p>&nbsp;<\/p>\n<p class=\"news-single-timedata\">Weitere Informationen zur UN bekommen Sie in unserem <a href=\"https:\/\/www.fu-berlin.de\/sites\/ub\/ueber-uns\/un-eu\/index.html\">Dokumentationszentrum&nbsp;UN-EU<\/a>.<\/p>\n<p>&nbsp;<\/p>\n<div class=\"news-text-wrap\"><\/div>","protected":false},"excerpt":{"rendered":"<p>Der Betrieb des \u201eDokumentationszentrums UN \u2013 EU\u201c wird eingestellt. Die entsprechende Literatur bleibt im Bestand und ist weiterhin zug\u00e4nglich. Am Dienstag, 10.05., findet in der Bibliothek des Institutes f\u00fcr Menschenrechte eine Lesung der Autorin Julia Gerlach (&#8222;Der verpasste Fr\u00fchling. Woran die Arabellion gescheitert ist&#8220;, Ch. Links Verlag, 2016. ISBN 978-3861538684, im Bestand der UB vorhanden) &hellip; <a href=\"https:\/\/blogs.fu-berlin.de\/bibliotheken\/2016\/05\/06\/lesung-zur-arabellion\/\" class=\"more-link\"><span class=\"screen-reader-text\">\u201eLesung zur Arabellion\u201c<\/span> weiterlesen<\/a><\/p>\n","protected":false},"author":343,"featured_media":0,"comment_status":"open","ping_status":"open","sticky":false,"template":"","format":"standard","meta":{"footnotes":""},"categories":[9,70],"tags":[57458,2458,12086],"class_list":["post-19265","post","type-post","status-publish","format-standard","hentry","category-allgemein","category-veranstaltungen","tag-arabischer-fruehling","tag-dokumentationszentrum-un-eu","tag-vereinte-nationen"],"_links":{"self":[{"href":"https:\/\/blogs.fu-berlin.de\/bibliotheken\/wp-json\/wp\/v2\/posts\/19265","targetHints":{"allow":["GET"]}}],"collection":[{"href":"https:\/\/blogs.fu-berlin.de\/bibliotheken\/wp-json\/wp\/v2\/posts"}],"about":[{"href":"https:\/\/blogs.fu-berlin.de\/bibliotheken\/wp-json\/wp\/v2\/types\/post"}],"author":[{"embeddable":true,"href":"https:\/\/blogs.fu-berlin.de\/bibliotheken\/wp-json\/wp\/v2\/users\/343"}],"replies":[{"embeddable":true,"href":"https:\/\/blogs.fu-berlin.de\/bibliotheken\/wp-json\/wp\/v2\/comments?post=19265"}],"version-history":[{"count":6,"href":"https:\/\/blogs.fu-berlin.de\/bibliotheken\/wp-json\/wp\/v2\/posts\/19265\/revisions"}],"predecessor-version":[{"id":29505,"href":"https:\/\/blogs.fu-berlin.de\/bibliotheken\/wp-json\/wp\/v2\/posts\/19265\/revisions\/29505"}],"wp:attachment":[{"href":"https:\/\/blogs.fu-berlin.de\/bibliotheken\/wp-json\/wp\/v2\/media?parent=19265"}],"wp:term":[{"taxonomy":"category","embeddable":true,"href":"https:\/\/blogs.fu-berlin.de\/bibliotheken\/wp-json\/wp\/v2\/categories?post=19265"},{"taxonomy":"post_tag","embeddable":true,"href":"https:\/\/blogs.fu-berlin.de\/bibliotheken\/wp-json\/wp\/v2\/tags?post=19265"}],"curies":[{"name":"wp","href":"https:\/\/api.w.org\/{rel}","templated":true}]}}