{"id":19274,"date":"2016-05-14T08:00:43","date_gmt":"2016-05-14T07:00:43","guid":{"rendered":"https:\/\/blogs.fu-berlin.de\/bibliotheken\/?p=19274"},"modified":"2021-09-16T11:01:47","modified_gmt":"2021-09-16T10:01:47","slug":"neue-dauerausstellung-erlebnis-europa-am-brandenburger-tor","status":"publish","type":"post","link":"https:\/\/blogs.fu-berlin.de\/bibliotheken\/2016\/05\/14\/neue-dauerausstellung-erlebnis-europa-am-brandenburger-tor\/","title":{"rendered":"Neue Dauerausstellung ERLEBNIS EUROPA am Brandenburger Tor"},"content":{"rendered":"\n<p><em><span class=\"has-inline-color has-bright-red-color\">Der Betrieb des \u201eDokumentationszentrums UN \u2013 EU\u201c wird eingestellt. Die entsprechende Literatur bleibt im Bestand und ist weiterhin zug\u00e4nglich.<\/span><\/em><\/p>\n\n\n<p><img loading=\"lazy\" decoding=\"async\" class=\"size-full wp-image-19277 alignright\" src=\"https:\/\/blogs.fu-berlin.de\/bibliotheken\/files\/2016\/05\/logo.png\" alt=\"logo\" width=\"198\" height=\"59\">Heute ab 10 Uhr er\u00f6ffnet die Ausstellung <a href=\"https:\/\/www.erlebnis-europa.de\/\">ERLEBNIS EUROPA<\/a> im Europ\u00e4ischen Haus am Brandenburger Tor in Berlin ihre T\u00fcren mit einer gro\u00dfen Er\u00f6ffnungsfeier, bei der die G\u00e4ste Europa erleben, entdecken und mitgestalten k\u00f6nnen.<\/p>\n<p>Die Ausstellung findet auf Initiative des Informationsb\u00fcros des Europ\u00e4ischen Parlaments und der Vertretung der Europ\u00e4ischen Kommission in Deutschland statt. Es ist eine eine Reise durch die Geschichte, die Politik und das Leben in der Europ\u00e4ischen Union.<\/p>\n<p>Ob in einem 360\u00b0-Kino eine Plenarsitzung des Europ\u00e4ischen Parlaments erleben oder an einer der interaktiven Medienstationen Dinge rund um Europa, die euop\u00e4ische Politik und die M\u00f6glichkeit der eigenen Anteilnahme erfahren, vieles ist bei dieser interaktiven Ausstellung m\u00f6glich.<\/p>\n<p><a href=\"https:\/\/www.flickr.com\/photos\/142261625@N04\/\"><img loading=\"lazy\" decoding=\"async\" class=\"alignright wp-image-19310\" src=\"https:\/\/blogs.fu-berlin.de\/bibliotheken\/files\/2016\/05\/26262469924_69d3c1b21e_o-300x200.jpg\" alt=\"Erlebnis Europa Ausstellung\" width=\"294\" height=\"196\" srcset=\"https:\/\/blogs.fu-berlin.de\/bibliotheken\/files\/2016\/05\/26262469924_69d3c1b21e_o-300x200.jpg 300w, https:\/\/blogs.fu-berlin.de\/bibliotheken\/files\/2016\/05\/26262469924_69d3c1b21e_o-768x512.jpg 768w\" sizes=\"auto, (max-width: 294px) 85vw, 294px\" \/><\/a><\/p>\n<p><strong>ERLEBNIS EUROPA. Die Ausstellung im Europ\u00e4ischen Haus Berlin<\/strong><\/p>\n<p>T\u00e4glich ge\u00f6ffnet 10:00 bis 18:00 Uhr<br>\nEintritt frei (Gruppen werden gebeten, sich im Vorfeld anzumelden &#8211; dies ist \u00fcber die Website m\u00f6glich)<\/p>\n<p>Europ\u00e4isches Haus<br>\nUnter den Linden 78<br>\n10117 Berlin<\/p>\n<p>&nbsp;<\/p>\n<p>Noch mehr Informationen zur EU bekommen Sie in unserem <a href=\"https:\/\/www.fu-berlin.de\/sites\/ub\/ueber-uns\/un-eu\">Dokumentationszentrum&nbsp;UN-EU<\/a>.<\/p>","protected":false},"excerpt":{"rendered":"<p>Der Betrieb des \u201eDokumentationszentrums UN \u2013 EU\u201c wird eingestellt. Die entsprechende Literatur bleibt im Bestand und ist weiterhin zug\u00e4nglich. Heute ab 10 Uhr er\u00f6ffnet die Ausstellung ERLEBNIS EUROPA im Europ\u00e4ischen Haus am Brandenburger Tor in Berlin ihre T\u00fcren mit einer gro\u00dfen Er\u00f6ffnungsfeier, bei der die G\u00e4ste Europa erleben, entdecken und mitgestalten k\u00f6nnen. Die Ausstellung findet &hellip; <a href=\"https:\/\/blogs.fu-berlin.de\/bibliotheken\/2016\/05\/14\/neue-dauerausstellung-erlebnis-europa-am-brandenburger-tor\/\" class=\"more-link\"><span class=\"screen-reader-text\">\u201eNeue Dauerausstellung ERLEBNIS EUROPA am Brandenburger Tor\u201c<\/span> weiterlesen<\/a><\/p>\n","protected":false},"author":343,"featured_media":0,"comment_status":"open","ping_status":"open","sticky":false,"template":"","format":"standard","meta":{"footnotes":""},"categories":[604,70],"tags":[581,2458,56945,1977,2102],"class_list":["post-19274","post","type-post","status-publish","format-standard","hentry","category-ins-netz-geschaut","category-veranstaltungen","tag-ausstellung","tag-dokumentationszentrum-un-eu","tag-europaeische-kommission","tag-europaische-union","tag-veranstaltung"],"_links":{"self":[{"href":"https:\/\/blogs.fu-berlin.de\/bibliotheken\/wp-json\/wp\/v2\/posts\/19274","targetHints":{"allow":["GET"]}}],"collection":[{"href":"https:\/\/blogs.fu-berlin.de\/bibliotheken\/wp-json\/wp\/v2\/posts"}],"about":[{"href":"https:\/\/blogs.fu-berlin.de\/bibliotheken\/wp-json\/wp\/v2\/types\/post"}],"author":[{"embeddable":true,"href":"https:\/\/blogs.fu-berlin.de\/bibliotheken\/wp-json\/wp\/v2\/users\/343"}],"replies":[{"embeddable":true,"href":"https:\/\/blogs.fu-berlin.de\/bibliotheken\/wp-json\/wp\/v2\/comments?post=19274"}],"version-history":[{"count":13,"href":"https:\/\/blogs.fu-berlin.de\/bibliotheken\/wp-json\/wp\/v2\/posts\/19274\/revisions"}],"predecessor-version":[{"id":29501,"href":"https:\/\/blogs.fu-berlin.de\/bibliotheken\/wp-json\/wp\/v2\/posts\/19274\/revisions\/29501"}],"wp:attachment":[{"href":"https:\/\/blogs.fu-berlin.de\/bibliotheken\/wp-json\/wp\/v2\/media?parent=19274"}],"wp:term":[{"taxonomy":"category","embeddable":true,"href":"https:\/\/blogs.fu-berlin.de\/bibliotheken\/wp-json\/wp\/v2\/categories?post=19274"},{"taxonomy":"post_tag","embeddable":true,"href":"https:\/\/blogs.fu-berlin.de\/bibliotheken\/wp-json\/wp\/v2\/tags?post=19274"}],"curies":[{"name":"wp","href":"https:\/\/api.w.org\/{rel}","templated":true}]}}