{"id":19319,"date":"2016-05-24T10:00:12","date_gmt":"2016-05-24T09:00:12","guid":{"rendered":"https:\/\/blogs.fu-berlin.de\/bibliotheken\/?p=19319"},"modified":"2021-09-16T11:01:05","modified_gmt":"2021-09-16T10:01:05","slug":"veranstaltungshinweis-cemog","status":"publish","type":"post","link":"https:\/\/blogs.fu-berlin.de\/bibliotheken\/2016\/05\/24\/veranstaltungshinweis-cemog\/","title":{"rendered":"Veranstaltungshinweis CeMoG"},"content":{"rendered":"\n<p><em><span class=\"has-inline-color has-bright-red-color\">Der Betrieb des \u201eDokumentationszentrums UN \u2013 EU\u201c wird eingestellt. Die entsprechende Literatur bleibt im Bestand und ist weiterhin zug\u00e4nglich.<\/span><\/em><\/p>\n\n\n<p><img loading=\"lazy\" decoding=\"async\" class=\"alignright wp-image-18844 size-full\" src=\"https:\/\/blogs.fu-berlin.de\/bibliotheken\/files\/2016\/01\/cemog-logo-standard-de.png\" alt=\"CeMoG-Centrum Modernes Griechenland\" width=\"168\" height=\"130\"><\/p>\n<p>Das Centrum Modernes Griechenland der Freien Universit\u00e4t Berlin, kurz CeMoG, organisiert am kommenden Freitag eine \u00f6ffentliche und kostenfreie Veranstaltung mit Impulsreferaten sowie anschlie\u00dfender Diskussion in deutscher und englischer Sprache zu dem Thema <strong>&#8222;<a href=\"https:\/\/www.cemog.fu-berlin.de\/aktivitaeten\/veranstaltungen\/krise-oeffentlichkeit.html\">Konstruktionen der Krise in der deutschen und griechischen \u00d6ffentlichkeit<\/a>&#8222;<\/strong><\/p>\n<p>Die Moderation wird Anna Koktsidou vom SWR International \u00fcbernehmen.<\/p>\n<p><strong>Mit:<\/strong><\/p>\n<ul>\n<li><strong>Prof. Dr. Jochen Roose<\/strong> (Willy Brandt Zentrum, Universit\u00e4t Wroc\u0142aw): <em>Die drei diskursiven Welten in der Eurozonen-Krise<\/em><\/li>\n<li><strong>Dr. Kostas Kanellopoulos<\/strong> (Universit\u00e4t Kreta): <em>Emerging narratives of crisis in the European public spheres<\/em><\/li>\n<li><strong>Prof. Dr. Kim Otto<\/strong> (Universit\u00e4t W\u00fcrzburg): <em>Die Berichterstattung deutscher Medien in der griechischen Staatsschuldenkrise<\/em><\/li>\n<li><strong>Prof. Dr. Alexandros Kyrtsis<\/strong> (Nationale und Kapodistrias-Universit\u00e4t Athen): <em>Politische \u00d6ffentlichkeit und Finanzverhandlungen. Politische Dilemmata der Griechischen Politiker seit dem Ausbruch der Krise<\/em><\/li>\n<li><strong>Ulrike Herrmann<\/strong> (Wirtschaftskorrespondentin der taz): <em>Kommentar<\/em><\/li>\n<li><strong>Giorgos Pappas<\/strong> (Deutschland-Korrespondent f\u00fcr ERT): <em>Kommentar<\/em><\/li>\n<\/ul>\n<p>Wann:&nbsp; 27.05.2016, 17:00 c.t. &#8211; 20:00<br>\nWo: <strong>L116, Seminarzentrum der FU Berlin (Silberlaube), Otto-von-Simson-Str. 26, 14195 Berlin<\/strong><\/p>\n<p>Mehr Informationen zum Thema Europa finden Sie in unserem&nbsp;<a href=\"https:\/\/www.ub.fu-berlin.de\/bibliothek\/uneu\/\">Dokumentationszentrum&nbsp;UN-EU<\/a>.<\/p>","protected":false},"excerpt":{"rendered":"<p>Der Betrieb des \u201eDokumentationszentrums UN \u2013 EU\u201c wird eingestellt. Die entsprechende Literatur bleibt im Bestand und ist weiterhin zug\u00e4nglich. Das Centrum Modernes Griechenland der Freien Universit\u00e4t Berlin, kurz CeMoG, organisiert am kommenden Freitag eine \u00f6ffentliche und kostenfreie Veranstaltung mit Impulsreferaten sowie anschlie\u00dfender Diskussion in deutscher und englischer Sprache zu dem Thema &#8222;Konstruktionen der Krise in &hellip; <a href=\"https:\/\/blogs.fu-berlin.de\/bibliotheken\/2016\/05\/24\/veranstaltungshinweis-cemog\/\" class=\"more-link\"><span class=\"screen-reader-text\">\u201eVeranstaltungshinweis CeMoG\u201c<\/span> weiterlesen<\/a><\/p>\n","protected":false},"author":343,"featured_media":0,"comment_status":"open","ping_status":"open","sticky":false,"template":"","format":"standard","meta":{"footnotes":""},"categories":[70],"tags":[57468,2458,804],"class_list":["post-19319","post","type-post","status-publish","format-standard","hentry","category-veranstaltungen","tag-centrum-modernes-griechenland-cemog","tag-dokumentationszentrum-un-eu","tag-griechenland"],"_links":{"self":[{"href":"https:\/\/blogs.fu-berlin.de\/bibliotheken\/wp-json\/wp\/v2\/posts\/19319","targetHints":{"allow":["GET"]}}],"collection":[{"href":"https:\/\/blogs.fu-berlin.de\/bibliotheken\/wp-json\/wp\/v2\/posts"}],"about":[{"href":"https:\/\/blogs.fu-berlin.de\/bibliotheken\/wp-json\/wp\/v2\/types\/post"}],"author":[{"embeddable":true,"href":"https:\/\/blogs.fu-berlin.de\/bibliotheken\/wp-json\/wp\/v2\/users\/343"}],"replies":[{"embeddable":true,"href":"https:\/\/blogs.fu-berlin.de\/bibliotheken\/wp-json\/wp\/v2\/comments?post=19319"}],"version-history":[{"count":6,"href":"https:\/\/blogs.fu-berlin.de\/bibliotheken\/wp-json\/wp\/v2\/posts\/19319\/revisions"}],"predecessor-version":[{"id":29499,"href":"https:\/\/blogs.fu-berlin.de\/bibliotheken\/wp-json\/wp\/v2\/posts\/19319\/revisions\/29499"}],"wp:attachment":[{"href":"https:\/\/blogs.fu-berlin.de\/bibliotheken\/wp-json\/wp\/v2\/media?parent=19319"}],"wp:term":[{"taxonomy":"category","embeddable":true,"href":"https:\/\/blogs.fu-berlin.de\/bibliotheken\/wp-json\/wp\/v2\/categories?post=19319"},{"taxonomy":"post_tag","embeddable":true,"href":"https:\/\/blogs.fu-berlin.de\/bibliotheken\/wp-json\/wp\/v2\/tags?post=19319"}],"curies":[{"name":"wp","href":"https:\/\/api.w.org\/{rel}","templated":true}]}}