{"id":19385,"date":"2016-06-07T18:00:18","date_gmt":"2016-06-07T17:00:18","guid":{"rendered":"https:\/\/blogs.fu-berlin.de\/bibliotheken\/?p=19385"},"modified":"2021-09-17T12:59:47","modified_gmt":"2021-09-17T11:59:47","slug":"podiumsdiskussion-bei-der-langen-nacht-der-wissenschaften","status":"publish","type":"post","link":"https:\/\/blogs.fu-berlin.de\/bibliotheken\/2016\/06\/07\/podiumsdiskussion-bei-der-langen-nacht-der-wissenschaften\/","title":{"rendered":"Podiumsdiskussion bei der Langen Nacht der Wissenschaften"},"content":{"rendered":"\n<p><em><span class=\"has-inline-color has-bright-red-color\">Der Betrieb des \u201eDokumentationszentrums UN \u2013 EU\u201c wird eingestellt. Die entsprechende Literatur bleibt im Bestand und ist weiterhin zug\u00e4nglich.<\/span><\/em><\/p>\n\n\n<p><figure id=\"attachment_19386\" aria-describedby=\"caption-attachment-19386\" style=\"width: 240px\" class=\"wp-caption alignright\"><img loading=\"lazy\" decoding=\"async\" class=\"wp-image-19386\" src=\"https:\/\/blogs.fu-berlin.de\/bibliotheken\/files\/2016\/06\/PolSoz-FOR-Transformation-of-Europe-Abb_1-300x224.jpg\" alt=\"Europa am Scheideweg \" width=\"240\" height=\"179\" srcset=\"https:\/\/blogs.fu-berlin.de\/bibliotheken\/files\/2016\/06\/PolSoz-FOR-Transformation-of-Europe-Abb_1-300x224.jpg 300w, https:\/\/blogs.fu-berlin.de\/bibliotheken\/files\/2016\/06\/PolSoz-FOR-Transformation-of-Europe-Abb_1.jpg 500w\" sizes=\"auto, (max-width: 240px) 85vw, 240px\" \/><figcaption id=\"caption-attachment-19386\" class=\"wp-caption-text\">Europa am Scheideweg, Bildquelle: FOR<\/figcaption><\/figure><\/p>\n<p style=\"text-align: justify\">Bei der Langen Nacht der Wissenschaften am 11. Juni 2016 \u00f6ffnen von 17.00 bis 0.00 Uhr 73 Lehr- und Forschungseinrichtungen in Berlin und Potsdam ihre T\u00fcren. So auch der Fachbereich Politik- und Sozialwissenschaften der Freien Universit\u00e4t.<\/p>\n<p style=\"text-align: justify\">Dieser veranstaltet eine Podiumsdiskussion bzw. Expertendiskussion der DFG-Kolleg-Forschergruppe \u201eThe Transformative Power of Europe\u201c zum Thema <strong>\u201eEuropa am Scheideweg: Mehr Integration oder Spaltung?\u201c<\/strong>.<\/p>\n<p style=\"text-align: justify\">Diskussionsteilnehmer:<\/p>\n<ul style=\"text-align: justify\">\n<li><strong>Prof. Dr. <span style=\"color: #000000\"><a style=\"color: #000000\" href=\"https:\/\/www.polsoz.fu-berlin.de\/soziologie\/arbeitsbereiche\/makrosoziologie\/mitarbeiter\/lehrstuhlinhaber\/juergen_gerhards.html\">J\u00fcrgen Gerhards<\/a><\/span><\/strong> (Soziologie)<\/li>\n<li><strong>Dr. <span style=\"color: #000000\"><a style=\"color: #000000\" href=\"https:\/\/www.polsoz.fu-berlin.de\/polwiss\/forschung\/international\/europa\/team\/mitarbeiter\/langbein\/\">Julia Langbein<\/a><\/span><\/strong> (Politische \u00d6konomin und Osteuropaexpertin)<\/li>\n<li><strong>Prof. Dr.<span style=\"color: #000000\"><a style=\"color: #000000\" href=\"https:\/\/www.eab-berlin.eu\/ueber-uns\/team\/akademie-leitung\/prof-dr-eckart-d-stratenschulte\/\"> Eckart D. Stratenschulte<\/a><\/span><\/strong> (Leiter der Europ\u00e4ischen Akademie Berlin)<\/li>\n<li><strong>Prof. Dr. <span style=\"color: #000000\"><a style=\"color: #000000\" href=\"https:\/\/www.polsoz.fu-berlin.de\/polwiss\/forschung\/international\/atasp\/team\/risse\/\">Thomas Risse<\/a><\/span><\/strong> (Politikwissenschaft und Internationale Beziehungen)<\/li>\n<\/ul>\n<p style=\"text-align: justify\">Die Moderation \u00fcbernimmt <span style=\"color: #000000\"><a style=\"color: #000000\" href=\"https:\/\/www.polsoz.fu-berlin.de\/polwiss\/forschung\/international\/europa\/team\/boerzel\/\"><strong>Prof. Dr. Tanja A. B\u00f6rzel<\/strong><\/a> <\/span>(Politikwissenschaft, EU-Forscherin).<\/p>\n<p style=\"text-align: justify\">Mit von der Partie ist auch das <a href=\"https:\/\/www.fu-berlin.de\/sites\/ub\/ueber-uns\/un-eu\/index.html\">Dokumentationszentrum UN-EU<\/a> und bietet an einem Stand umfangreiche Informationen zum Thema der Podiumsdiskussion.<\/p>\n<p><strong>Wo:<\/strong> Fabeckstr. 25, 14195 Berlin (Rostlaube, Haus Nr. 5 auf dem Lageplan), Raum KL 25\/112<br>\n<strong>Wann:<\/strong> 17.30\u221220.00 Uhr (Podiumsdiskussion 18.00-19.30)<\/p>\n<p>&nbsp;<\/p>\n<p>Wir freuen uns auf Sie!<\/p>\n<p>&nbsp;<\/p>","protected":false},"excerpt":{"rendered":"<p>Der Betrieb des \u201eDokumentationszentrums UN \u2013 EU\u201c wird eingestellt. Die entsprechende Literatur bleibt im Bestand und ist weiterhin zug\u00e4nglich. Bei der Langen Nacht der Wissenschaften am 11. Juni 2016 \u00f6ffnen von 17.00 bis 0.00 Uhr 73 Lehr- und Forschungseinrichtungen in Berlin und Potsdam ihre T\u00fcren. So auch der Fachbereich Politik- und Sozialwissenschaften der Freien Universit\u00e4t. &hellip; <a href=\"https:\/\/blogs.fu-berlin.de\/bibliotheken\/2016\/06\/07\/podiumsdiskussion-bei-der-langen-nacht-der-wissenschaften\/\" class=\"more-link\"><span class=\"screen-reader-text\">\u201ePodiumsdiskussion bei der Langen Nacht der Wissenschaften\u201c<\/span> weiterlesen<\/a><\/p>\n","protected":false},"author":343,"featured_media":0,"comment_status":"open","ping_status":"open","sticky":false,"template":"","format":"standard","meta":{"footnotes":""},"categories":[70],"tags":[2458,1977,772,2460],"class_list":["post-19385","post","type-post","status-publish","format-standard","hentry","category-veranstaltungen","tag-dokumentationszentrum-un-eu","tag-europaische-union","tag-lange-nacht-der-wissenschaften","tag-podiumsdiskussion"],"_links":{"self":[{"href":"https:\/\/blogs.fu-berlin.de\/bibliotheken\/wp-json\/wp\/v2\/posts\/19385","targetHints":{"allow":["GET"]}}],"collection":[{"href":"https:\/\/blogs.fu-berlin.de\/bibliotheken\/wp-json\/wp\/v2\/posts"}],"about":[{"href":"https:\/\/blogs.fu-berlin.de\/bibliotheken\/wp-json\/wp\/v2\/types\/post"}],"author":[{"embeddable":true,"href":"https:\/\/blogs.fu-berlin.de\/bibliotheken\/wp-json\/wp\/v2\/users\/343"}],"replies":[{"embeddable":true,"href":"https:\/\/blogs.fu-berlin.de\/bibliotheken\/wp-json\/wp\/v2\/comments?post=19385"}],"version-history":[{"count":8,"href":"https:\/\/blogs.fu-berlin.de\/bibliotheken\/wp-json\/wp\/v2\/posts\/19385\/revisions"}],"predecessor-version":[{"id":29721,"href":"https:\/\/blogs.fu-berlin.de\/bibliotheken\/wp-json\/wp\/v2\/posts\/19385\/revisions\/29721"}],"wp:attachment":[{"href":"https:\/\/blogs.fu-berlin.de\/bibliotheken\/wp-json\/wp\/v2\/media?parent=19385"}],"wp:term":[{"taxonomy":"category","embeddable":true,"href":"https:\/\/blogs.fu-berlin.de\/bibliotheken\/wp-json\/wp\/v2\/categories?post=19385"},{"taxonomy":"post_tag","embeddable":true,"href":"https:\/\/blogs.fu-berlin.de\/bibliotheken\/wp-json\/wp\/v2\/tags?post=19385"}],"curies":[{"name":"wp","href":"https:\/\/api.w.org\/{rel}","templated":true}]}}