{"id":19401,"date":"2016-06-13T10:00:54","date_gmt":"2016-06-13T09:00:54","guid":{"rendered":"https:\/\/blogs.fu-berlin.de\/bibliotheken\/?p=19401"},"modified":"2021-09-16T10:49:15","modified_gmt":"2021-09-16T09:49:15","slug":"berliner-europa-dialog-should-i-stay-or-should-i-go-das-vereinigte-koenigreich-nach-dem-referendum","status":"publish","type":"post","link":"https:\/\/blogs.fu-berlin.de\/bibliotheken\/2016\/06\/13\/berliner-europa-dialog-should-i-stay-or-should-i-go-das-vereinigte-koenigreich-nach-dem-referendum\/","title":{"rendered":"Berliner Europa-Dialog: Should I stay or should I go? Das Vereinigte K\u00f6nigreich nach dem Referendum"},"content":{"rendered":"\n<p><em><span class=\"has-inline-color has-bright-red-color\">Der Betrieb des \u201eDokumentationszentrums UN \u2013 EU\u201c wird eingestellt. Die entsprechende Literatur bleibt im Bestand und ist weiterhin zug\u00e4nglich.<\/span><\/em><\/p>\n\n\n<p style=\"text-align: justify\">Das Vereinigte K\u00f6nigreich steht vor der Entscheidung: Am 23. Juni wird die Bev\u00f6lkerung \u00fcber den Verbleib oder den Austritt aus der Europ\u00e4ischen Union entscheiden. Die Umfragen sagen ein Kopf-an-Kopf-Rennen voraus. Premierminister David Cameron hat beim Europ\u00e4ischen Rat in Br\u00fcssel einige Vorteile f\u00fcr sein Land verhandeln k\u00f6nnen \u2013 aber werden diese Zugest\u00e4ndnisse am Ende des Tages reichen?<\/p>\n<p style=\"text-align: justify\">Das Vereinigte K\u00f6nigreich ist die nach Deutschland zweitgr\u00f6\u00dfte Volkswirtschaft in der Europ\u00e4ischen Union und verf\u00fcgt \u00fcber die h\u00f6chsten Milit\u00e4rausgaben innerhalb der EU. Ein Austritt h\u00e4tte also ohne Zweifel Folgen: f\u00fcr das Budget der EU, f\u00fcr das innere Gleichgewicht sowie f\u00fcr das \u00e4u\u00dfere Auftreten.<\/p>\n<p style=\"text-align: justify\">Es steht einiges auf dem Spiel \u2013 f\u00fcr die Europ\u00e4ische Union, vor allem aber f\u00fcr das Vereinigte K\u00f6nigreich selbst: Im Falle eines BREXITs droht ein weiteres Referendum \u00fcber eine m\u00f6gliche Unabh\u00e4ngigkeit Schottlands. Aus dem f\u00fcr London zentralen Finanzsektor k\u00f6nnten viele Jobs, nach Sch\u00e4tzungen bis zu 20.000, zu Banken nach Frankfurt\/Main verlagert werden.<br>\nWie und warum werden Engl\u00e4nder, Schotten, Waliser und Nordiren entschieden haben? Welche Folgen wird ihre Entscheidung haben \u2013 sowohl bei einer Mehrheit f\u00fcr stay als auch bei einer Mehrheit f\u00fcr leave? Verf\u00fcgen London oder Br\u00fcssel \u00fcber einen Plan B?<\/p>\n<p style=\"text-align: justify\">Diese und weitere Fragen m\u00f6chten wir mit Ihnen und den Teilnehmerinnen und Teilnehmern unserer Gespr\u00e4chsrunde diskutieren.<\/p>\n<p style=\"text-align: justify\">Die Veranstaltung findet am<strong> 28.06.2016 von 18:00 \u2013 20:00 <\/strong><strong>Uhr in der Freien Universit\u00e4t Berlin, Henry-Ford-Bau, H\u00f6rsaal A, Garystra\u00dfe 35, 14195 Berlin-<\/strong><strong>Dahlem (U3 Thielplatz)<\/strong> statt.<\/p>\n<p style=\"text-align: justify\">Sie wird moderiert von <strong>Prof. Dr. Tanja A. B\u00f6rzel<\/strong>, Leiterin der Arbeitsstelle Europ\u00e4ische Integration der Freien Universit\u00e4t Berlin.<\/p>\n<p style=\"text-align: justify\">Als Referentinnen und Referenten sind eingeladen:<\/p>\n<ul style=\"text-align: justify\">\n<li><strong>Elisabeth Kotthaus<\/strong>, stellvertretende Leiterin der politischen Abteilung, Vertretung der<br>\nEurop\u00e4ischen Kommission in Deutschland<\/li>\n<li><strong>Dr. Nicolai von Ondarza<\/strong>, stellv. Leiter der Forschungsgruppe EU\/Europa, Stiftung Wissenschaft<br>\nund Politik (SWP)<\/li>\n<li><strong>Philip Oltermann<\/strong>, Berlin Bureau Chief, The Guardian<\/li>\n<\/ul>\n<p style=\"text-align: justify\">Wir w\u00fcrden uns freuen, Sie zu der Podiumsdiskussion begr\u00fc\u00dfen zu d\u00fcrfen. Die Veranstaltung ist \u00f6ffentlich, der Eintritt frei.<\/p>\n<p style=\"text-align: justify\">Aktuelle Informationen zur Veranstaltungen k\u00f6nnen Sie hier im Blog lesen oder auf der <a href=\"https:\/\/www.fu-berlin.de\/sites\/ub\/ueber-uns\/un-eu\/veranstaltungen\/BED-4\/index.html\">Veranstaltungsseite<\/a>, auf der Sie auch weiterf\u00fchrende Links zum Thema finden.<\/p>\n<p style=\"text-align: justify\">Ihre Anmeldung senden Sie bitte bis zum 27.06.2016 an <a href=\"mailto:info@eu-infozentrum-berlin.de\">info@eu-infozentrum-berlin.de<\/a>.<\/p>\n<p style=\"text-align: justify\">Die Veranstaltung im Rahmen der Reihe <em>Berliner Europa-Dialog<\/em> wird kooperativ organisiert vom <a href=\"https:\/\/eiz-berlin.de\/\">Europ\u00e4ischen Informationszentrum Berlin<\/a> (Tr\u00e4ger: Deutsche Gesellschaft e.V.), dem <a href=\"https:\/\/www.ub.fu-berlin.de\/bibliothek\/uneu\/\">Dokumentationszentrum Vereinte Nationen \u2013 Europ\u00e4ische Union der Freien Universit\u00e4t Berlin<\/a><br>\nsowie der <a href=\"https:\/\/www.europa-union.de\/\">Europa-Union Berlin e.V.<\/a><\/p>","protected":false},"excerpt":{"rendered":"<p>Der Betrieb des \u201eDokumentationszentrums UN \u2013 EU\u201c wird eingestellt. Die entsprechende Literatur bleibt im Bestand und ist weiterhin zug\u00e4nglich. Das Vereinigte K\u00f6nigreich steht vor der Entscheidung: Am 23. Juni wird die Bev\u00f6lkerung \u00fcber den Verbleib oder den Austritt aus der Europ\u00e4ischen Union entscheiden. Die Umfragen sagen ein Kopf-an-Kopf-Rennen voraus. Premierminister David Cameron hat beim Europ\u00e4ischen &hellip; <a href=\"https:\/\/blogs.fu-berlin.de\/bibliotheken\/2016\/06\/13\/berliner-europa-dialog-should-i-stay-or-should-i-go-das-vereinigte-koenigreich-nach-dem-referendum\/\" class=\"more-link\"><span class=\"screen-reader-text\">\u201eBerliner Europa-Dialog: Should I stay or should I go? Das Vereinigte K\u00f6nigreich nach dem Referendum\u201c<\/span> weiterlesen<\/a><\/p>\n","protected":false},"author":343,"featured_media":0,"comment_status":"open","ping_status":"open","sticky":false,"template":"","format":"standard","meta":{"footnotes":""},"categories":[70],"tags":[56901,57481,2458,1977],"class_list":["post-19401","post","type-post","status-publish","format-standard","hentry","category-veranstaltungen","tag-berliner-europa-dialog","tag-brexit","tag-dokumentationszentrum-un-eu","tag-europaische-union"],"_links":{"self":[{"href":"https:\/\/blogs.fu-berlin.de\/bibliotheken\/wp-json\/wp\/v2\/posts\/19401","targetHints":{"allow":["GET"]}}],"collection":[{"href":"https:\/\/blogs.fu-berlin.de\/bibliotheken\/wp-json\/wp\/v2\/posts"}],"about":[{"href":"https:\/\/blogs.fu-berlin.de\/bibliotheken\/wp-json\/wp\/v2\/types\/post"}],"author":[{"embeddable":true,"href":"https:\/\/blogs.fu-berlin.de\/bibliotheken\/wp-json\/wp\/v2\/users\/343"}],"replies":[{"embeddable":true,"href":"https:\/\/blogs.fu-berlin.de\/bibliotheken\/wp-json\/wp\/v2\/comments?post=19401"}],"version-history":[{"count":7,"href":"https:\/\/blogs.fu-berlin.de\/bibliotheken\/wp-json\/wp\/v2\/posts\/19401\/revisions"}],"predecessor-version":[{"id":29491,"href":"https:\/\/blogs.fu-berlin.de\/bibliotheken\/wp-json\/wp\/v2\/posts\/19401\/revisions\/29491"}],"wp:attachment":[{"href":"https:\/\/blogs.fu-berlin.de\/bibliotheken\/wp-json\/wp\/v2\/media?parent=19401"}],"wp:term":[{"taxonomy":"category","embeddable":true,"href":"https:\/\/blogs.fu-berlin.de\/bibliotheken\/wp-json\/wp\/v2\/categories?post=19401"},{"taxonomy":"post_tag","embeddable":true,"href":"https:\/\/blogs.fu-berlin.de\/bibliotheken\/wp-json\/wp\/v2\/tags?post=19401"}],"curies":[{"name":"wp","href":"https:\/\/api.w.org\/{rel}","templated":true}]}}