{"id":19410,"date":"2016-06-15T10:36:03","date_gmt":"2016-06-15T09:36:03","guid":{"rendered":"https:\/\/blogs.fu-berlin.de\/bibliotheken\/?p=19410"},"modified":"2016-06-15T15:39:39","modified_gmt":"2016-06-15T14:39:39","slug":"20-jaehriges-jubilaeum-des-foerderkreises-philologischen-bibliothek","status":"publish","type":"post","link":"https:\/\/blogs.fu-berlin.de\/bibliotheken\/2016\/06\/15\/20-jaehriges-jubilaeum-des-foerderkreises-philologischen-bibliothek\/","title":{"rendered":"20-j\u00e4hriges Jubil\u00e4um des F\u00f6rderkreises Philologischen Bibliothek"},"content":{"rendered":"<p><a href=\"https:\/\/www.fu-berlin.de\/sites\/philbib\/05Ueber-uns\/buecherbasar-foerderkreis\/index.html\"><img loading=\"lazy\" decoding=\"async\" class=\"size-medium wp-image-19413 alignright\" src=\"https:\/\/blogs.fu-berlin.de\/bibliotheken\/files\/2016\/06\/Plakat-20-Jahre-B\u00fcBa-212x300.jpg\" alt=\"Plakat 20 Jahre B\u00fcBa\" width=\"212\" height=\"300\" srcset=\"https:\/\/blogs.fu-berlin.de\/bibliotheken\/files\/2016\/06\/Plakat-20-Jahre-B\u00fcBa-212x300.jpg 212w, https:\/\/blogs.fu-berlin.de\/bibliotheken\/files\/2016\/06\/Plakat-20-Jahre-B\u00fcBa-768x1086.jpg 768w\" sizes=\"auto, (max-width: 212px) 85vw, 212px\" \/><\/a>Der <a href=\"https:\/\/www.fu-berlin.de\/sites\/philbib\/05Ueber-uns\/buecherbasar-foerderkreis\/index.html\">F\u00f6rderkreis Philologische Bibliothek<\/a> feiert in diesem Jahr sein 20-j\u00e4hriges Bestehen. Gefeiert wird in der Philologischen Bibliothek am Dienstag, den 21.06.2016, ab 18 Uhr. Es wird u.a. eine Lesung des Preistr\u00e4gers des diesj\u00e4hrigen Berliner Literaturpreises <strong>Feridun Zaimoglu<\/strong> geben.<\/p>\n<p>&nbsp;<\/p>\n<p>Alle Besucherinnen und Besucher der Bibliothek und Freundinnen und Freunde des F\u00f6rderkreises sind herzlich eingeladen teilzunehmen.<\/p>\n<p><span class=\"_4n-j fsl\"><span class=\"text_exposed_show\">\u00a0<\/span><\/span><\/p>\n","protected":false},"excerpt":{"rendered":"<p>Der F\u00f6rderkreis Philologische Bibliothek feiert in diesem Jahr sein 20-j\u00e4hriges Bestehen. Gefeiert wird in der Philologischen Bibliothek am Dienstag, den 21.06.2016, ab 18 Uhr. Es wird u.a. eine Lesung des Preistr\u00e4gers des diesj\u00e4hrigen Berliner Literaturpreises Feridun Zaimoglu geben. &nbsp; Alle Besucherinnen und Besucher der Bibliothek und Freundinnen und Freunde des F\u00f6rderkreises sind herzlich eingeladen teilzunehmen. &hellip; <a href=\"https:\/\/blogs.fu-berlin.de\/bibliotheken\/2016\/06\/15\/20-jaehriges-jubilaeum-des-foerderkreises-philologischen-bibliothek\/\" class=\"more-link\"><span class=\"screen-reader-text\">\u201e20-j\u00e4hriges Jubil\u00e4um des F\u00f6rderkreises Philologischen Bibliothek\u201c<\/span> weiterlesen<\/a><\/p>\n","protected":false},"author":388,"featured_media":0,"comment_status":"open","ping_status":"open","sticky":false,"template":"","format":"standard","meta":{"footnotes":""},"categories":[9,600,70],"tags":[2746,410,832,515],"class_list":["post-19410","post","type-post","status-publish","format-standard","hentry","category-allgemein","category-fachbibliotheken","category-veranstaltungen","tag-forderkreis","tag-jubilaum","tag-lesung","tag-philologische-bibliothek"],"_links":{"self":[{"href":"https:\/\/blogs.fu-berlin.de\/bibliotheken\/wp-json\/wp\/v2\/posts\/19410","targetHints":{"allow":["GET"]}}],"collection":[{"href":"https:\/\/blogs.fu-berlin.de\/bibliotheken\/wp-json\/wp\/v2\/posts"}],"about":[{"href":"https:\/\/blogs.fu-berlin.de\/bibliotheken\/wp-json\/wp\/v2\/types\/post"}],"author":[{"embeddable":true,"href":"https:\/\/blogs.fu-berlin.de\/bibliotheken\/wp-json\/wp\/v2\/users\/388"}],"replies":[{"embeddable":true,"href":"https:\/\/blogs.fu-berlin.de\/bibliotheken\/wp-json\/wp\/v2\/comments?post=19410"}],"version-history":[{"count":13,"href":"https:\/\/blogs.fu-berlin.de\/bibliotheken\/wp-json\/wp\/v2\/posts\/19410\/revisions"}],"predecessor-version":[{"id":19425,"href":"https:\/\/blogs.fu-berlin.de\/bibliotheken\/wp-json\/wp\/v2\/posts\/19410\/revisions\/19425"}],"wp:attachment":[{"href":"https:\/\/blogs.fu-berlin.de\/bibliotheken\/wp-json\/wp\/v2\/media?parent=19410"}],"wp:term":[{"taxonomy":"category","embeddable":true,"href":"https:\/\/blogs.fu-berlin.de\/bibliotheken\/wp-json\/wp\/v2\/categories?post=19410"},{"taxonomy":"post_tag","embeddable":true,"href":"https:\/\/blogs.fu-berlin.de\/bibliotheken\/wp-json\/wp\/v2\/tags?post=19410"}],"curies":[{"name":"wp","href":"https:\/\/api.w.org\/{rel}","templated":true}]}}