{"id":19448,"date":"2016-06-30T13:00:54","date_gmt":"2016-06-30T12:00:54","guid":{"rendered":"https:\/\/blogs.fu-berlin.de\/bibliotheken\/?p=19448"},"modified":"2021-09-17T12:59:08","modified_gmt":"2021-09-17T11:59:08","slug":"den-ueberblick-behalten","status":"publish","type":"post","link":"https:\/\/blogs.fu-berlin.de\/bibliotheken\/2016\/06\/30\/den-ueberblick-behalten\/","title":{"rendered":"Den \u00dcberblick behalten"},"content":{"rendered":"\n<p><em><span class=\"has-inline-color has-bright-red-color\">Der Betrieb des \u201eDokumentationszentrums UN \u2013 EU\u201c wird eingestellt. Die entsprechende Literatur bleibt im Bestand und ist weiterhin zug\u00e4nglich.<\/span><\/em><\/p>\n\n\n<p style=\"text-align: left\">Dieser Artikel wurde von unserer Auszubildenden Susanne Koske verfasst.<\/p>\n<p><figure id=\"attachment_19449\" aria-describedby=\"caption-attachment-19449\" style=\"width: 300px\" class=\"wp-caption alignright\"><img loading=\"lazy\" decoding=\"async\" class=\"size-medium wp-image-19449\" src=\"https:\/\/blogs.fu-berlin.de\/bibliotheken\/files\/2016\/06\/News-media-standards-300x168.jpg\" alt=\"Bild von Sollok29 in der Wikimedia, Lizenz: CC BY-SA 4.0\" width=\"300\" height=\"168\" srcset=\"https:\/\/blogs.fu-berlin.de\/bibliotheken\/files\/2016\/06\/News-media-standards-300x168.jpg 300w, https:\/\/blogs.fu-berlin.de\/bibliotheken\/files\/2016\/06\/News-media-standards-768x429.jpg 768w, https:\/\/blogs.fu-berlin.de\/bibliotheken\/files\/2016\/06\/News-media-standards.jpg 1520w\" sizes=\"auto, (max-width: 300px) 85vw, 300px\" \/><figcaption id=\"caption-attachment-19449\" class=\"wp-caption-text\">Bild von Sollok29 in der Wikimedia, Lizenz: CC BY-SA 4.0<\/figcaption><\/figure><\/p>\n<p style=\"text-align: left\">Die EU befindet sich momentan im st\u00e4ndigen Wandel, die Nachrichten\u00fcberschlagen sich. Da f\u00e4llt es nicht nur Fachleuten schwer, den Durchblick zu behalten, sondern auch dem interessierten B\u00fcrger. Der <a href=\"https:\/\/emm.newsbrief.eu\/\">Europ\u00e4ische Media Monitor<\/a>, kurz EMM&nbsp; &#8211; entwickelt von der Europ\u00e4ischen Kommission &#8211; hat es sich vor rund 10 Jahren zur Aufgabe gemacht, nicht nur Politikern, Epidemiologen und Journalisten die Medien-Analyse&nbsp; zu erleichtern, sondern auch allen politisch Interessierten sowie der breiten \u00d6ffentlichkeit die Informationsbeschaffung zu vereinfachen. Rund 4.000 teilnehmende Nachrichten-Webseiten aus aller Welt ver\u00f6ffentlichen Artikel in einer der 70 vertretenen Landessprachen. Zus\u00e4tzlich bietet der EMM die M\u00f6glichkeit, sich fremdsprachige Artikel in der eigenen Muttersprache anzeigen zu lassen. Neben Nachrichten werden auch Stellungnahmen, Meinungen&nbsp; und Aussagen von Organisationen und Personen der Zeitgeschichte zur nationalen und internationalen politischen Lage herausgegeben. Des Weiteren stehen dem Leser nicht nur die einzelnen L\u00e4nderdossiers als Quellenauswahl zur Verf\u00fcgung, sondern auch Entwicklungen und Entscheidungsfindungen der Europ\u00e4ischen Kommission, des Europ\u00e4ischen Parlamentes als auch dem (europ\u00e4ischen) Gerichtshof.<\/p>\n<p style=\"text-align: left\">Der EMM ist jederzeit unterwegs nutzbar und \u00fcber den <a href=\"https:\/\/itunes.apple.com\/app\/emm\/id648829432\">Apple App Store<\/a> sowie dem <a href=\"https:\/\/play.google.com\/store\/apps\/details?id=it.jrc.emmapp\">Google Play Store<\/a> zu beziehen.<\/p>\n<p style=\"text-align: left\">Weitere Informationen zu der Europ\u00e4ischen Union finden Sie auch in unserem&nbsp;<a href=\"https:\/\/www.fu-berlin.de\/sites\/ub\/ueber-uns\/un-eu\/index.html\">Dokumentationszentrum&nbsp;UN-EU<\/a>.<\/p>\n<p>&nbsp;<\/p>\n<p>&nbsp;<\/p>","protected":false},"excerpt":{"rendered":"<p>Der Betrieb des \u201eDokumentationszentrums UN \u2013 EU\u201c wird eingestellt. Die entsprechende Literatur bleibt im Bestand und ist weiterhin zug\u00e4nglich. Dieser Artikel wurde von unserer Auszubildenden Susanne Koske verfasst. Die EU befindet sich momentan im st\u00e4ndigen Wandel, die Nachrichten\u00fcberschlagen sich. Da f\u00e4llt es nicht nur Fachleuten schwer, den Durchblick zu behalten, sondern auch dem interessierten B\u00fcrger. &hellip; <a href=\"https:\/\/blogs.fu-berlin.de\/bibliotheken\/2016\/06\/30\/den-ueberblick-behalten\/\" class=\"more-link\"><span class=\"screen-reader-text\">\u201eDen \u00dcberblick behalten\u201c<\/span> weiterlesen<\/a><\/p>\n","protected":false},"author":343,"featured_media":0,"comment_status":"open","ping_status":"open","sticky":false,"template":"","format":"standard","meta":{"footnotes":""},"categories":[604],"tags":[2458,56945,542,1288,116],"class_list":["post-19448","post","type-post","status-publish","format-standard","hentry","category-ins-netz-geschaut","tag-dokumentationszentrum-un-eu","tag-europaeische-kommission","tag-medien","tag-nachrichten","tag-politik"],"_links":{"self":[{"href":"https:\/\/blogs.fu-berlin.de\/bibliotheken\/wp-json\/wp\/v2\/posts\/19448","targetHints":{"allow":["GET"]}}],"collection":[{"href":"https:\/\/blogs.fu-berlin.de\/bibliotheken\/wp-json\/wp\/v2\/posts"}],"about":[{"href":"https:\/\/blogs.fu-berlin.de\/bibliotheken\/wp-json\/wp\/v2\/types\/post"}],"author":[{"embeddable":true,"href":"https:\/\/blogs.fu-berlin.de\/bibliotheken\/wp-json\/wp\/v2\/users\/343"}],"replies":[{"embeddable":true,"href":"https:\/\/blogs.fu-berlin.de\/bibliotheken\/wp-json\/wp\/v2\/comments?post=19448"}],"version-history":[{"count":6,"href":"https:\/\/blogs.fu-berlin.de\/bibliotheken\/wp-json\/wp\/v2\/posts\/19448\/revisions"}],"predecessor-version":[{"id":29717,"href":"https:\/\/blogs.fu-berlin.de\/bibliotheken\/wp-json\/wp\/v2\/posts\/19448\/revisions\/29717"}],"wp:attachment":[{"href":"https:\/\/blogs.fu-berlin.de\/bibliotheken\/wp-json\/wp\/v2\/media?parent=19448"}],"wp:term":[{"taxonomy":"category","embeddable":true,"href":"https:\/\/blogs.fu-berlin.de\/bibliotheken\/wp-json\/wp\/v2\/categories?post=19448"},{"taxonomy":"post_tag","embeddable":true,"href":"https:\/\/blogs.fu-berlin.de\/bibliotheken\/wp-json\/wp\/v2\/tags?post=19448"}],"curies":[{"name":"wp","href":"https:\/\/api.w.org\/{rel}","templated":true}]}}