{"id":19454,"date":"2016-07-01T12:38:14","date_gmt":"2016-07-01T11:38:14","guid":{"rendered":"https:\/\/blogs.fu-berlin.de\/bibliotheken\/?p=19454"},"modified":"2016-07-01T12:38:14","modified_gmt":"2016-07-01T11:38:14","slug":"libraries-in-motion-20-kolleginnen-aus-dem-ausland-besuchten-die-international-week","status":"publish","type":"post","link":"https:\/\/blogs.fu-berlin.de\/bibliotheken\/2016\/07\/01\/libraries-in-motion-20-kolleginnen-aus-dem-ausland-besuchten-die-international-week\/","title":{"rendered":"\u201eLibraries in motion \u201c &#8211; 20 KollegInnen aus dem Ausland besuchten die &#8222;International Week&#8220;"},"content":{"rendered":"<p>W\u00e4hrend circa 30% der FU-Studierenden ein Erasmus-Praktikum im Ausland absolvieren, ist die M\u00f6glichkeit eines Auslandsaufenthalts f\u00fcr Hochschulbesch\u00e4ftigte \u00fcber das EU-Programm Erasmus+ weitaus weniger bekannt.<\/p>\n<p>Die Universit\u00e4tsbibliothek hat im Rahmen der &#8222;International Staff Week der Freien Universit\u00e4t Berlin&#8220; 2016 erstmalig ein einw\u00f6chiges Programm f\u00fcr eine Library Week organisiert.<\/p>\n<p><img loading=\"lazy\" decoding=\"async\" class=\"alignright wp-image-19456\" src=\"https:\/\/blogs.fu-berlin.de\/bibliotheken\/files\/2016\/07\/int_week.jpg\" alt=\"int_week\" width=\"580\" height=\"126\" srcset=\"https:\/\/blogs.fu-berlin.de\/bibliotheken\/files\/2016\/07\/int_week.jpg 600w, https:\/\/blogs.fu-berlin.de\/bibliotheken\/files\/2016\/07\/int_week-300x65.jpg 300w\" sizes=\"auto, (max-width: 580px) 85vw, 580px\" \/><\/p>\n<p>Unter 75 Bewerbungen wurden 20 Kolleginnen und Kollegen aus 12 europ\u00e4ischen L\u00e4ndern ausgew\u00e4hlt. Unter dem Motto \u201eLibraries in motion\u201c wurde ein Programm mit Vortr\u00e4gen aus verschiedensten bibliothekarischen Arbeitsgebieten geboten. Es wurde lebhaft \u00fcber neue Herausforderungen oder Best-Practice f\u00fcr die Bibliotheken diskutiert und die Teilnehmerinnen und Teilnehmer hatten die M\u00f6glichkeit, ihre pers\u00f6nlichen Erfahrungen auszutauschen.<\/p>\n<p>Neben Bibliotheksbesichtigungen wurde auch ein Rahmenprogramm angeboten und europaweites Networking betrieben.<\/p>\n<p>Die International Week war ein voller Erfolg und wird aller Voraussicht nach auch 2017 wieder stattfinden.<\/p>\n","protected":false},"excerpt":{"rendered":"<p>W\u00e4hrend circa 30% der FU-Studierenden ein Erasmus-Praktikum im Ausland absolvieren, ist die M\u00f6glichkeit eines Auslandsaufenthalts f\u00fcr Hochschulbesch\u00e4ftigte \u00fcber das EU-Programm Erasmus+ weitaus weniger bekannt. Die Universit\u00e4tsbibliothek hat im Rahmen der &#8222;International Staff Week der Freien Universit\u00e4t Berlin&#8220; 2016 erstmalig ein einw\u00f6chiges Programm f\u00fcr eine Library Week organisiert. Unter 75 Bewerbungen wurden 20 Kolleginnen und Kollegen &hellip; <a href=\"https:\/\/blogs.fu-berlin.de\/bibliotheken\/2016\/07\/01\/libraries-in-motion-20-kolleginnen-aus-dem-ausland-besuchten-die-international-week\/\" class=\"more-link\"><span class=\"screen-reader-text\">\u201e\u201eLibraries in motion \u201c &#8211; 20 KollegInnen aus dem Ausland besuchten die &#8222;International Week&#8220;\u201c<\/span> weiterlesen<\/a><\/p>\n","protected":false},"author":265,"featured_media":0,"comment_status":"open","ping_status":"open","sticky":false,"template":"","format":"standard","meta":{"footnotes":""},"categories":[599,491],"tags":[1301,56932],"class_list":["post-19454","post","type-post","status-publish","format-standard","hentry","category-bibliothekswesen","category-lernangebote-kurse","tag-erasmus","tag-international-week"],"_links":{"self":[{"href":"https:\/\/blogs.fu-berlin.de\/bibliotheken\/wp-json\/wp\/v2\/posts\/19454","targetHints":{"allow":["GET"]}}],"collection":[{"href":"https:\/\/blogs.fu-berlin.de\/bibliotheken\/wp-json\/wp\/v2\/posts"}],"about":[{"href":"https:\/\/blogs.fu-berlin.de\/bibliotheken\/wp-json\/wp\/v2\/types\/post"}],"author":[{"embeddable":true,"href":"https:\/\/blogs.fu-berlin.de\/bibliotheken\/wp-json\/wp\/v2\/users\/265"}],"replies":[{"embeddable":true,"href":"https:\/\/blogs.fu-berlin.de\/bibliotheken\/wp-json\/wp\/v2\/comments?post=19454"}],"version-history":[{"count":7,"href":"https:\/\/blogs.fu-berlin.de\/bibliotheken\/wp-json\/wp\/v2\/posts\/19454\/revisions"}],"predecessor-version":[{"id":19462,"href":"https:\/\/blogs.fu-berlin.de\/bibliotheken\/wp-json\/wp\/v2\/posts\/19454\/revisions\/19462"}],"wp:attachment":[{"href":"https:\/\/blogs.fu-berlin.de\/bibliotheken\/wp-json\/wp\/v2\/media?parent=19454"}],"wp:term":[{"taxonomy":"category","embeddable":true,"href":"https:\/\/blogs.fu-berlin.de\/bibliotheken\/wp-json\/wp\/v2\/categories?post=19454"},{"taxonomy":"post_tag","embeddable":true,"href":"https:\/\/blogs.fu-berlin.de\/bibliotheken\/wp-json\/wp\/v2\/tags?post=19454"}],"curies":[{"name":"wp","href":"https:\/\/api.w.org\/{rel}","templated":true}]}}