{"id":19502,"date":"2016-07-14T09:00:58","date_gmt":"2016-07-14T08:00:58","guid":{"rendered":"https:\/\/blogs.fu-berlin.de\/bibliotheken\/?p=19502"},"modified":"2021-09-16T10:48:44","modified_gmt":"2021-09-16T09:48:44","slug":"der-europaeiche-gerichtshof-unter-den-fingerspitzen","status":"publish","type":"post","link":"https:\/\/blogs.fu-berlin.de\/bibliotheken\/2016\/07\/14\/der-europaeiche-gerichtshof-unter-den-fingerspitzen\/","title":{"rendered":"Der Europ\u00e4ische Gerichtshof unter den Fingerspitzen"},"content":{"rendered":"\n<p><em><span class=\"has-inline-color has-bright-red-color\">Der Betrieb des \u201eDokumentationszentrums UN \u2013 EU\u201c wird eingestellt. Die entsprechende Literatur bleibt im Bestand und ist weiterhin zug\u00e4nglich.<\/span><\/em><\/p>\n\n\n<p><img loading=\"lazy\" decoding=\"async\" class=\"size-medium wp-image-19503 alignright\" src=\"https:\/\/blogs.fu-berlin.de\/bibliotheken\/files\/2016\/07\/2016-07-12-08.22.52-169x300.png\" alt=\"2016-07-12 08.22.52\" width=\"169\" height=\"300\" srcset=\"https:\/\/blogs.fu-berlin.de\/bibliotheken\/files\/2016\/07\/2016-07-12-08.22.52-169x300.png 169w, https:\/\/blogs.fu-berlin.de\/bibliotheken\/files\/2016\/07\/2016-07-12-08.22.52-768x1365.png 768w, https:\/\/blogs.fu-berlin.de\/bibliotheken\/files\/2016\/07\/2016-07-12-08.22.52.png 1080w\" sizes=\"auto, (max-width: 169px) 85vw, 169px\" \/>Wer dem Europ\u00e4ischen Gerichtshof schon immer nah sein wollte oder einfach gerne auf die M\u00f6glichkeit zur\u00fcckgreifen will, mobil und unkompliziert auf Entscheidungen oder Pressemitteilungen des CJEU (<!-- [if IE]&gt;&lt;![endif]-->Court of Justice of the European Union) zugreifen zu k\u00f6nnen, ist mit der CVRIA-App gut bedient.<\/p>\n<p>Die App bietet einen schnellen Zugang zu den neuesten Pressemitteilungen.<\/p>\n<p><img loading=\"lazy\" decoding=\"async\" class=\"wp-image-19506 size-medium alignright\" src=\"https:\/\/blogs.fu-berlin.de\/bibliotheken\/files\/2016\/07\/2016-07-12-08.25.29-169x300.png\" alt=\"2016-07-12 08.25.29\" width=\"169\" height=\"300\" srcset=\"https:\/\/blogs.fu-berlin.de\/bibliotheken\/files\/2016\/07\/2016-07-12-08.25.29-169x300.png 169w, https:\/\/blogs.fu-berlin.de\/bibliotheken\/files\/2016\/07\/2016-07-12-08.25.29-768x1365.png 768w, https:\/\/blogs.fu-berlin.de\/bibliotheken\/files\/2016\/07\/2016-07-12-08.25.29.png 1080w\" sizes=\"auto, (max-width: 169px) 85vw, 169px\" \/><\/p>\n<p>Was steht als n\u00e4chstes an &#8211; und wo? Die n\u00e4chsten Termine des Gerichtshofes sind im Kalender zu finden, mit der Angabe an welchem Ort es stattfindet und welches Urteil behandelt wird.<\/p>\n<p><img loading=\"lazy\" decoding=\"async\" class=\"wp-image-19504 size-medium alignright\" src=\"https:\/\/blogs.fu-berlin.de\/bibliotheken\/files\/2016\/07\/2016-07-12-08.23.33-169x300.png\" alt=\"2016-07-12 08.23.33\" width=\"169\" height=\"300\" srcset=\"https:\/\/blogs.fu-berlin.de\/bibliotheken\/files\/2016\/07\/2016-07-12-08.23.33-169x300.png 169w, https:\/\/blogs.fu-berlin.de\/bibliotheken\/files\/2016\/07\/2016-07-12-08.23.33-768x1365.png 768w, https:\/\/blogs.fu-berlin.de\/bibliotheken\/files\/2016\/07\/2016-07-12-08.23.33.png 1080w\" sizes=\"auto, (max-width: 169px) 85vw, 169px\" \/><\/p>\n<p>&nbsp;<\/p>\n<p>&nbsp;<\/p>\n<p>Auf die neuesten Urteile, Schlussantr\u00e4ge oder Beschl\u00fcsse kann direkt zugegriffen werden.<\/p>\n<p><img loading=\"lazy\" decoding=\"async\" class=\"wp-image-19505 size-medium alignright\" src=\"https:\/\/blogs.fu-berlin.de\/bibliotheken\/files\/2016\/07\/2016-07-12-08.24.57-169x300.png\" alt=\"2016-07-12 08.24.57\" width=\"169\" height=\"300\" srcset=\"https:\/\/blogs.fu-berlin.de\/bibliotheken\/files\/2016\/07\/2016-07-12-08.24.57-169x300.png 169w, https:\/\/blogs.fu-berlin.de\/bibliotheken\/files\/2016\/07\/2016-07-12-08.24.57-768x1365.png 768w, https:\/\/blogs.fu-berlin.de\/bibliotheken\/files\/2016\/07\/2016-07-12-08.24.57.png 1080w\" sizes=\"auto, (max-width: 169px) 85vw, 169px\" \/><\/p>\n<p>Ist das Gesuchte nicht mehr ganz so aktuell, kann man die Suchfunktion nutzen. Mit dieser greift man auf die gesamte Rechtssprechung des Gerichtshofes zu. Die Suche kann mit Rechtssachennummer, Parteinamen, Datum oder einem Freitext erfolgen.<\/p>\n<p><img loading=\"lazy\" decoding=\"async\" class=\"wp-image-19507 size-medium alignright\" src=\"https:\/\/blogs.fu-berlin.de\/bibliotheken\/files\/2016\/07\/2016-07-12-08.26.06-169x300.png\" alt=\"2016-07-12 08.26.06\" width=\"169\" height=\"300\" srcset=\"https:\/\/blogs.fu-berlin.de\/bibliotheken\/files\/2016\/07\/2016-07-12-08.26.06-169x300.png 169w, https:\/\/blogs.fu-berlin.de\/bibliotheken\/files\/2016\/07\/2016-07-12-08.26.06-768x1365.png 768w, https:\/\/blogs.fu-berlin.de\/bibliotheken\/files\/2016\/07\/2016-07-12-08.26.06.png 1080w\" sizes=\"auto, (max-width: 169px) 85vw, 169px\" \/><\/p>\n<p>Die App ist bei <a href=\"https:\/\/itunes.apple.com\/us\/app\/cvria\/id1099088434\">iTunes<\/a> und im <a href=\"https:\/\/play.google.com\/store\/apps\/details?id=eu.europa.publications.cjeu\">Google Play Store<\/a> erh\u00e4ltlich.<\/p>\n<p>&nbsp;<\/p>\n<p>&nbsp;<\/p>\n<p>&nbsp;<\/p>\n<p>&nbsp;<\/p>\n<p>&nbsp;<\/p>\n<p>&nbsp;<\/p>\n<p>&nbsp;<\/p>\n<p>&nbsp;<\/p>\n<p>&nbsp;<\/p>\n<p>&nbsp;<\/p>\n<p>&nbsp;<\/p>\n<p>&nbsp;<\/p>\n<p>&nbsp;<\/p>\n<p>&nbsp;<\/p>\n<p>Weitere Informationen zu der Europ\u00e4ischen Union finden Sie auch in unserem&nbsp;<a href=\"https:\/\/www.fu-berlin.de\/sites\/ub\/ueber-uns\/un-eu\/index.html\">Dokumentationszentrum&nbsp;UN-EU<\/a>.<\/p>","protected":false},"excerpt":{"rendered":"<p>Der Betrieb des \u201eDokumentationszentrums UN \u2013 EU\u201c wird eingestellt. Die entsprechende Literatur bleibt im Bestand und ist weiterhin zug\u00e4nglich. Wer dem Europ\u00e4ischen Gerichtshof schon immer nah sein wollte oder einfach gerne auf die M\u00f6glichkeit zur\u00fcckgreifen will, mobil und unkompliziert auf Entscheidungen oder Pressemitteilungen des CJEU (Court of Justice of the European Union) zugreifen zu k\u00f6nnen, &hellip; <a href=\"https:\/\/blogs.fu-berlin.de\/bibliotheken\/2016\/07\/14\/der-europaeiche-gerichtshof-unter-den-fingerspitzen\/\" class=\"more-link\"><span class=\"screen-reader-text\">\u201eDer Europ\u00e4ische Gerichtshof unter den Fingerspitzen\u201c<\/span> weiterlesen<\/a><\/p>\n","protected":false},"author":343,"featured_media":0,"comment_status":"open","ping_status":"open","sticky":false,"template":"","format":"standard","meta":{"footnotes":""},"categories":[604],"tags":[3082,57490,2458,57489],"class_list":["post-19502","post","type-post","status-publish","format-standard","hentry","category-ins-netz-geschaut","tag-app","tag-cvria","tag-dokumentationszentrum-un-eu","tag-europaeischer-gerichtshof"],"_links":{"self":[{"href":"https:\/\/blogs.fu-berlin.de\/bibliotheken\/wp-json\/wp\/v2\/posts\/19502","targetHints":{"allow":["GET"]}}],"collection":[{"href":"https:\/\/blogs.fu-berlin.de\/bibliotheken\/wp-json\/wp\/v2\/posts"}],"about":[{"href":"https:\/\/blogs.fu-berlin.de\/bibliotheken\/wp-json\/wp\/v2\/types\/post"}],"author":[{"embeddable":true,"href":"https:\/\/blogs.fu-berlin.de\/bibliotheken\/wp-json\/wp\/v2\/users\/343"}],"replies":[{"embeddable":true,"href":"https:\/\/blogs.fu-berlin.de\/bibliotheken\/wp-json\/wp\/v2\/comments?post=19502"}],"version-history":[{"count":18,"href":"https:\/\/blogs.fu-berlin.de\/bibliotheken\/wp-json\/wp\/v2\/posts\/19502\/revisions"}],"predecessor-version":[{"id":29489,"href":"https:\/\/blogs.fu-berlin.de\/bibliotheken\/wp-json\/wp\/v2\/posts\/19502\/revisions\/29489"}],"wp:attachment":[{"href":"https:\/\/blogs.fu-berlin.de\/bibliotheken\/wp-json\/wp\/v2\/media?parent=19502"}],"wp:term":[{"taxonomy":"category","embeddable":true,"href":"https:\/\/blogs.fu-berlin.de\/bibliotheken\/wp-json\/wp\/v2\/categories?post=19502"},{"taxonomy":"post_tag","embeddable":true,"href":"https:\/\/blogs.fu-berlin.de\/bibliotheken\/wp-json\/wp\/v2\/tags?post=19502"}],"curies":[{"name":"wp","href":"https:\/\/api.w.org\/{rel}","templated":true}]}}