{"id":19524,"date":"2016-07-15T15:27:22","date_gmt":"2016-07-15T14:27:22","guid":{"rendered":"https:\/\/blogs.fu-berlin.de\/bibliotheken\/?p=19524"},"modified":"2016-07-18T09:30:50","modified_gmt":"2016-07-18T08:30:50","slug":"umbau-in-der-universitaetsbibliothek-ist-abgeschlossen","status":"publish","type":"post","link":"https:\/\/blogs.fu-berlin.de\/bibliotheken\/2016\/07\/15\/umbau-in-der-universitaetsbibliothek-ist-abgeschlossen\/","title":{"rendered":"Umbau in der Universit\u00e4tsbibliothek ist abgeschlossen"},"content":{"rendered":"<figure id=\"attachment_19535\" aria-describedby=\"caption-attachment-19535\" style=\"width: 300px\" class=\"wp-caption alignright\"><img loading=\"lazy\" decoding=\"async\" class=\"size-medium wp-image-19535\" src=\"https:\/\/blogs.fu-berlin.de\/bibliotheken\/files\/2016\/07\/lounge2-300x200.jpg\" alt=\"UB-Arbeitspl\u00e4tze mit Aussicht\" width=\"300\" height=\"200\" srcset=\"https:\/\/blogs.fu-berlin.de\/bibliotheken\/files\/2016\/07\/lounge2-300x200.jpg 300w, https:\/\/blogs.fu-berlin.de\/bibliotheken\/files\/2016\/07\/lounge2-768x512.jpg 768w, https:\/\/blogs.fu-berlin.de\/bibliotheken\/files\/2016\/07\/lounge2.jpg 1300w\" sizes=\"auto, (max-width: 300px) 85vw, 300px\" \/><figcaption id=\"caption-attachment-19535\" class=\"wp-caption-text\">UB-Arbeitspl\u00e4tze mit Aussicht<\/figcaption><\/figure>\n<p>Seit letzter Woche ist das 1. OG der Universit\u00e4tsbibliothek nach etwa einj\u00e4hriger Baut\u00e4tigkeit wieder ge\u00f6ffnet (s.a.\u00a0 <a href=\"https:\/\/www.fu-berlin.de\/sites\/ub\/ueber-uns\/news\/umbau_beendet.html\" target=\"_blank\">Umbau in der Universit\u00e4tsbibliothek abgeschlossen<\/a>).<\/p>\n<p>Das Ergebnis kann sich sehen lassen &#8230; finden wir!<\/p>\n<p>Neben den beliebten <a href=\"https:\/\/www.fu-berlin.de\/sites\/ub\/arbeitsplaetze\/gruppen\/index.html\" target=\"_blank\">Gruppenarbeitsr\u00e4umen<\/a> gibt es hier jetzt helle Arbeitspl\u00e4tze mit Stromversorgung und Blick ins Gr\u00fcne!<\/p>\n","protected":false},"excerpt":{"rendered":"<p>Seit letzter Woche ist das 1. OG der Universit\u00e4tsbibliothek nach etwa einj\u00e4hriger Baut\u00e4tigkeit wieder ge\u00f6ffnet (s.a.\u00a0 Umbau in der Universit\u00e4tsbibliothek abgeschlossen). Das Ergebnis kann sich sehen lassen &#8230; finden wir! Neben den beliebten Gruppenarbeitsr\u00e4umen gibt es hier jetzt helle Arbeitspl\u00e4tze mit Stromversorgung und Blick ins Gr\u00fcne!<\/p>\n","protected":false},"author":265,"featured_media":0,"comment_status":"open","ping_status":"open","sticky":false,"template":"","format":"standard","meta":{"footnotes":""},"categories":[601],"tags":[57486],"class_list":["post-19524","post","type-post","status-publish","format-standard","hentry","category-universitatsbibliothek","tag-umbau-ub"],"_links":{"self":[{"href":"https:\/\/blogs.fu-berlin.de\/bibliotheken\/wp-json\/wp\/v2\/posts\/19524","targetHints":{"allow":["GET"]}}],"collection":[{"href":"https:\/\/blogs.fu-berlin.de\/bibliotheken\/wp-json\/wp\/v2\/posts"}],"about":[{"href":"https:\/\/blogs.fu-berlin.de\/bibliotheken\/wp-json\/wp\/v2\/types\/post"}],"author":[{"embeddable":true,"href":"https:\/\/blogs.fu-berlin.de\/bibliotheken\/wp-json\/wp\/v2\/users\/265"}],"replies":[{"embeddable":true,"href":"https:\/\/blogs.fu-berlin.de\/bibliotheken\/wp-json\/wp\/v2\/comments?post=19524"}],"version-history":[{"count":7,"href":"https:\/\/blogs.fu-berlin.de\/bibliotheken\/wp-json\/wp\/v2\/posts\/19524\/revisions"}],"predecessor-version":[{"id":19537,"href":"https:\/\/blogs.fu-berlin.de\/bibliotheken\/wp-json\/wp\/v2\/posts\/19524\/revisions\/19537"}],"wp:attachment":[{"href":"https:\/\/blogs.fu-berlin.de\/bibliotheken\/wp-json\/wp\/v2\/media?parent=19524"}],"wp:term":[{"taxonomy":"category","embeddable":true,"href":"https:\/\/blogs.fu-berlin.de\/bibliotheken\/wp-json\/wp\/v2\/categories?post=19524"},{"taxonomy":"post_tag","embeddable":true,"href":"https:\/\/blogs.fu-berlin.de\/bibliotheken\/wp-json\/wp\/v2\/tags?post=19524"}],"curies":[{"name":"wp","href":"https:\/\/api.w.org\/{rel}","templated":true}]}}