{"id":1954,"date":"2009-07-07T10:20:39","date_gmt":"2009-07-07T09:20:39","guid":{"rendered":"https:\/\/blogs.fu-berlin.de\/bibliotheken\/?p=1954"},"modified":"2009-07-07T13:24:58","modified_gmt":"2009-07-07T12:24:58","slug":"unser-freund-das-buch","status":"publish","type":"post","link":"https:\/\/blogs.fu-berlin.de\/bibliotheken\/2009\/07\/07\/unser-freund-das-buch\/","title":{"rendered":"Unser Freund das Buch"},"content":{"rendered":"<p><img loading=\"lazy\" decoding=\"async\" src=\"https:\/\/blogs.fu-berlin.de\/bibliotheken\/files\/2009\/07\/buchhandel.jpg\" alt=\"\" hspace=\"3\" width=\"125\" height=\"200\" align=\"right\" \/>Die Deutschen m\u00f6gen zwar in Zeiten der Wirtschaftskrise vielleicht auf die teure Urlaubsreise verzichten, nicht aber auf das Buch, wie die vor zwei Tagen ver\u00f6ffentlichten Zahlen des <a href=\"https:\/\/www.boersenblatt.net\/329018\/\">B\u00f6rsenvereins des deutschen Buchhandels<\/a> belegen. Insgesamt wurde 2008 ein Umsatz von 9,6 Mrd. Euro erwirtschaftet, was im Vergleich zum Vorjahr ein Plus von 0,4 Prozent darstellt. Auch in den ersten f\u00fcnf Monaten des Jahres 2009 braucht sich die Bundesregierung wohl keine Gedanken \u00fcber die Einf\u00fchrung einer m\u00f6glichen \u201eBuchpr\u00e4mie\u201c zu machen, bei 1,4 Prozent Wachstum.<\/p>\n<p>Die Publikumsverlage steuern mehr als die H\u00e4lfte des Umsatzes bei, w\u00e4hrend H\u00f6rb\u00fccher stagnieren und das zukunftsorientierte E-Book laut dem deutschen B\u00f6rsenverein noch gar keine wirtschaftliche Rolle spielt. Weiter auf dem Vormarsch ist dagegen der Online-Verkauf von B\u00fcchern. Die Frankfurter Rundschau kommentiert die Meldung als <a href=\"https:\/\/www.fr-online.de\/in_und_ausland\/kultur_und_medien\/feuilleton\/1823456_Krise-verschont-Buchhandel-Ein-kleines-Wunder.html\">\u201ekleines Wunder\u201c<\/a>, die <a href=\"https:\/\/www.faz.net\/s\/RubBE163169B4324E24BA92AAEB5BDEF0DA\/Doc~ED228C0CABED840C98167D7386772C031~ATpl~Ecommon~Scontent.html\">FAZ<\/a> verweist auf einen billigeren Preis von Belletristik-B\u00fcchern und beschw\u00f6rt m\u00f6gliche Entlassungswellen bei gro\u00dfen Ketten wie Thalia oder Hugendubel herauf.<\/p>\n<p>Weitere Zahlen aus dem Jahr 2008:<br \/>\n&#8211; Mehr als eine Milliarde B\u00fccher und Druckerzeugnisse wurden produziert &#8211; Rekord.<br \/>\n&#8211; Die Zahl der Neuerscheinungen schrumpft um 3,3 Prozent auf 94.276 Titel.<br \/>\n&#8211; Mit 7.340 Titel sind \u00fcber 19 Prozent mehr B\u00fccher als im Vorjahr \u00fcbersetzt worden, Hauptsprachen sind Englisch (66,9 Prozent) und Franz\u00f6sisch (11,5 Prozent).<\/p>\n<h6>Danke f\u00fcr das Bild an <a href=\"https:\/\/commons.wikimedia.org\/wiki\/Image:Buchladen_buecher.JPG?uselang=de\">Wikimedia Commons<\/a>!<\/h6>\n","protected":false},"excerpt":{"rendered":"<p>Die Deutschen m\u00f6gen zwar in Zeiten der Wirtschaftskrise vielleicht auf die teure Urlaubsreise verzichten, nicht aber auf das Buch, wie die vor zwei Tagen ver\u00f6ffentlichten Zahlen des B\u00f6rsenvereins des deutschen Buchhandels belegen. Insgesamt wurde 2008 ein Umsatz von 9,6 Mrd. Euro erwirtschaftet, was im Vergleich zum Vorjahr ein Plus von 0,4 Prozent darstellt. Auch in &hellip; <a href=\"https:\/\/blogs.fu-berlin.de\/bibliotheken\/2009\/07\/07\/unser-freund-das-buch\/\" class=\"more-link\"><span class=\"screen-reader-text\">\u201eUnser Freund das Buch\u201c<\/span> weiterlesen<\/a><\/p>\n","protected":false},"author":293,"featured_media":0,"comment_status":"open","ping_status":"open","sticky":false,"template":"","format":"standard","meta":{"footnotes":""},"categories":[9],"tags":[905,904,906],"class_list":["post-1954","post","type-post","status-publish","format-standard","hentry","category-allgemein","tag-borsenverein-des-deutschen-buchhandels","tag-buchmarkt","tag-statistik"],"_links":{"self":[{"href":"https:\/\/blogs.fu-berlin.de\/bibliotheken\/wp-json\/wp\/v2\/posts\/1954","targetHints":{"allow":["GET"]}}],"collection":[{"href":"https:\/\/blogs.fu-berlin.de\/bibliotheken\/wp-json\/wp\/v2\/posts"}],"about":[{"href":"https:\/\/blogs.fu-berlin.de\/bibliotheken\/wp-json\/wp\/v2\/types\/post"}],"author":[{"embeddable":true,"href":"https:\/\/blogs.fu-berlin.de\/bibliotheken\/wp-json\/wp\/v2\/users\/293"}],"replies":[{"embeddable":true,"href":"https:\/\/blogs.fu-berlin.de\/bibliotheken\/wp-json\/wp\/v2\/comments?post=1954"}],"version-history":[{"count":11,"href":"https:\/\/blogs.fu-berlin.de\/bibliotheken\/wp-json\/wp\/v2\/posts\/1954\/revisions"}],"predecessor-version":[{"id":1985,"href":"https:\/\/blogs.fu-berlin.de\/bibliotheken\/wp-json\/wp\/v2\/posts\/1954\/revisions\/1985"}],"wp:attachment":[{"href":"https:\/\/blogs.fu-berlin.de\/bibliotheken\/wp-json\/wp\/v2\/media?parent=1954"}],"wp:term":[{"taxonomy":"category","embeddable":true,"href":"https:\/\/blogs.fu-berlin.de\/bibliotheken\/wp-json\/wp\/v2\/categories?post=1954"},{"taxonomy":"post_tag","embeddable":true,"href":"https:\/\/blogs.fu-berlin.de\/bibliotheken\/wp-json\/wp\/v2\/tags?post=1954"}],"curies":[{"name":"wp","href":"https:\/\/api.w.org\/{rel}","templated":true}]}}