{"id":19594,"date":"2016-08-05T11:00:57","date_gmt":"2016-08-05T10:00:57","guid":{"rendered":"https:\/\/blogs.fu-berlin.de\/bibliotheken\/?p=19594"},"modified":"2021-09-17T12:58:34","modified_gmt":"2021-09-17T11:58:34","slug":"app-in-den-urlaub","status":"publish","type":"post","link":"https:\/\/blogs.fu-berlin.de\/bibliotheken\/2016\/08\/05\/app-in-den-urlaub\/","title":{"rendered":"App in den Urlaub!"},"content":{"rendered":"\n<p><em><span class=\"has-inline-color has-bright-red-color\">Der Betrieb des \u201eDokumentationszentrums UN \u2013 EU\u201c wird eingestellt. Die entsprechende Literatur bleibt im Bestand und ist weiterhin zug\u00e4nglich.<\/span><\/em><\/p>\n\n\n<p>Sommerzeit ist Ferienzeit, Ferienzeit ist Reisezeit.<\/p>\n<p><figure id=\"attachment_19600\" aria-describedby=\"caption-attachment-19600\" style=\"width: 169px\" class=\"wp-caption alignright\"><img loading=\"lazy\" decoding=\"async\" class=\"wp-image-19600 size-medium\" src=\"https:\/\/blogs.fu-berlin.de\/bibliotheken\/files\/2016\/08\/2016-08-05-06.55.41-169x300.png\" alt=\"2016-08-05 06.55.41\" width=\"169\" height=\"300\" srcset=\"https:\/\/blogs.fu-berlin.de\/bibliotheken\/files\/2016\/08\/2016-08-05-06.55.41-169x300.png 169w, https:\/\/blogs.fu-berlin.de\/bibliotheken\/files\/2016\/08\/2016-08-05-06.55.41-768x1365.png 768w, https:\/\/blogs.fu-berlin.de\/bibliotheken\/files\/2016\/08\/2016-08-05-06.55.41.png 1080w\" sizes=\"auto, (max-width: 169px) 85vw, 169px\" \/><figcaption id=\"caption-attachment-19600\" class=\"wp-caption-text\">Man kann ganz einfach in drei Schritten das wichtigste zur Reise angeben: Wer f\u00e4hrt (Erwachsene, Kinder, Tiere), mit was wird gereist (Pkw, Wohnmobil etc.) und durch welche L\u00e4nder geht die Reiseroute.<\/figcaption><\/figure><\/p>\n<p>Die Sch\u00fclerinnen und Sch\u00fcler Berlins haben Ferien, die Studierenden die Pr\u00fcfungen hinter sich. Viele fahren da mit Freunden und Familien in den wohlverdienten Urlaub. Eine beliebte Variante des Reisens ist oft auch der Roadtrip. Einfach mal drauf los fahren. Egal ob mit dem eigenen Pkw, dem Wohnmobil oder einem Mietwagen. Perfekt daf\u00fcr eignet sich die App &#8222;<a href=\"https:\/\/www.evz.de\/de\/publikationen\/apps\/mit-dem-auto-ins-ausland\/\">Mit dem Auto ins Ausland<\/a>&#8222;. Diese Unterst\u00fctzt den Nutzer mit Informationen zu allen EU-L\u00e4ndern, Schweiz, Norwegen und Island. Was muss beim Zoll beachtet werden? Wie viel kostet die F\u00e4hre? Was ist im Fall einer Panne zu tun?<\/p>\n<p><figure id=\"attachment_19601\" aria-describedby=\"caption-attachment-19601\" style=\"width: 169px\" class=\"wp-caption alignleft\"><img loading=\"lazy\" decoding=\"async\" class=\"wp-image-19601 size-medium\" src=\"https:\/\/blogs.fu-berlin.de\/bibliotheken\/files\/2016\/08\/2016-08-05-06.56.36-169x300.png\" alt=\"2016-08-05 06.56.36\" width=\"169\" height=\"300\" srcset=\"https:\/\/blogs.fu-berlin.de\/bibliotheken\/files\/2016\/08\/2016-08-05-06.56.36-169x300.png 169w, https:\/\/blogs.fu-berlin.de\/bibliotheken\/files\/2016\/08\/2016-08-05-06.56.36-768x1365.png 768w, https:\/\/blogs.fu-berlin.de\/bibliotheken\/files\/2016\/08\/2016-08-05-06.56.36.png 1080w\" sizes=\"auto, (max-width: 169px) 85vw, 169px\" \/><figcaption id=\"caption-attachment-19601\" class=\"wp-caption-text\">Anschlie\u00dfend einfach eine Kachel mit einem Thema ausw\u00e4hlen, die passenden Informationen zur Reise werden angezeigt. Es gibt auch eine Checkliste f\u00fcr die wichtigsten Dokumente und Fahrzeugzubeh\u00f6r.<\/figcaption><\/figure><\/p>\n<p>Die App ist ein Projekt des Europ\u00e4ischen Verbraucherzentrums Deutschland. Dieses bietet auch die M\u00f6glichkeit, einen Konflikt, den man als Verbraucher auf Reisen hat im Nachhinein pr\u00fcfen zu lassen.<\/p>\n<p>Gef\u00f6rdert wird die App vom Bundesministerium f\u00fcr Justiz und Verbraucherschutz.<\/p>\n<p>&nbsp;<\/p>\n<p>Wer mehr \u00fcber die App erfahren will, kann sich hier im <a href=\"https:\/\/www.evz.de\/fileadmin\/user_upload\/eu-verbraucher\/PDF\/Auto\/Fact_Sheet_Mit_dem_Auto_ins_Ausland.pdf\">Factsheet<\/a> informieren. Die App ist f\u00fcr <a href=\"https:\/\/play.google.com\/store\/apps\/details?id=cz.ackee.evz\">Android<\/a> und <a href=\"https:\/\/itunes.apple.com\/de\/app\/mit-dem-auto-ins-ausland\/id1016993041?mt=8\">iOS<\/a> erh\u00e4ltlich.<\/p>\n<p>&nbsp;<\/p>\n<p>Weitere Informationen zu der Europ\u00e4ischen Union finden Sie auch in unserem&nbsp;<a href=\"https:\/\/www.fu-berlin.de\/sites\/ub\/ueber-uns\/un-eu\/index.html\">Dokumentationszentrum&nbsp;UN-EU<\/a>.<\/p>\n<p>&nbsp;<\/p>","protected":false},"excerpt":{"rendered":"<p>Der Betrieb des \u201eDokumentationszentrums UN \u2013 EU\u201c wird eingestellt. Die entsprechende Literatur bleibt im Bestand und ist weiterhin zug\u00e4nglich. Sommerzeit ist Ferienzeit, Ferienzeit ist Reisezeit. Die Sch\u00fclerinnen und Sch\u00fcler Berlins haben Ferien, die Studierenden die Pr\u00fcfungen hinter sich. Viele fahren da mit Freunden und Familien in den wohlverdienten Urlaub. Eine beliebte Variante des Reisens ist &hellip; <a href=\"https:\/\/blogs.fu-berlin.de\/bibliotheken\/2016\/08\/05\/app-in-den-urlaub\/\" class=\"more-link\"><span class=\"screen-reader-text\">\u201eApp in den Urlaub!\u201c<\/span> weiterlesen<\/a><\/p>\n","protected":false},"author":343,"featured_media":0,"comment_status":"open","ping_status":"open","sticky":false,"template":"","format":"standard","meta":{"footnotes":""},"categories":[604],"tags":[3082,2458,1977,57499],"class_list":["post-19594","post","type-post","status-publish","format-standard","hentry","category-ins-netz-geschaut","tag-app","tag-dokumentationszentrum-un-eu","tag-europaische-union","tag-reisen"],"_links":{"self":[{"href":"https:\/\/blogs.fu-berlin.de\/bibliotheken\/wp-json\/wp\/v2\/posts\/19594","targetHints":{"allow":["GET"]}}],"collection":[{"href":"https:\/\/blogs.fu-berlin.de\/bibliotheken\/wp-json\/wp\/v2\/posts"}],"about":[{"href":"https:\/\/blogs.fu-berlin.de\/bibliotheken\/wp-json\/wp\/v2\/types\/post"}],"author":[{"embeddable":true,"href":"https:\/\/blogs.fu-berlin.de\/bibliotheken\/wp-json\/wp\/v2\/users\/343"}],"replies":[{"embeddable":true,"href":"https:\/\/blogs.fu-berlin.de\/bibliotheken\/wp-json\/wp\/v2\/comments?post=19594"}],"version-history":[{"count":11,"href":"https:\/\/blogs.fu-berlin.de\/bibliotheken\/wp-json\/wp\/v2\/posts\/19594\/revisions"}],"predecessor-version":[{"id":29715,"href":"https:\/\/blogs.fu-berlin.de\/bibliotheken\/wp-json\/wp\/v2\/posts\/19594\/revisions\/29715"}],"wp:attachment":[{"href":"https:\/\/blogs.fu-berlin.de\/bibliotheken\/wp-json\/wp\/v2\/media?parent=19594"}],"wp:term":[{"taxonomy":"category","embeddable":true,"href":"https:\/\/blogs.fu-berlin.de\/bibliotheken\/wp-json\/wp\/v2\/categories?post=19594"},{"taxonomy":"post_tag","embeddable":true,"href":"https:\/\/blogs.fu-berlin.de\/bibliotheken\/wp-json\/wp\/v2\/tags?post=19594"}],"curies":[{"name":"wp","href":"https:\/\/api.w.org\/{rel}","templated":true}]}}