{"id":19625,"date":"2016-08-25T09:00:07","date_gmt":"2016-08-25T08:00:07","guid":{"rendered":"https:\/\/blogs.fu-berlin.de\/bibliotheken\/?p=19625"},"modified":"2021-09-17T12:58:16","modified_gmt":"2021-09-17T11:58:16","slug":"marken-einfach-mobil-ueberpruefen","status":"publish","type":"post","link":"https:\/\/blogs.fu-berlin.de\/bibliotheken\/2016\/08\/25\/marken-einfach-mobil-ueberpruefen\/","title":{"rendered":"Marken einfach mobil \u00fcberpr\u00fcfen"},"content":{"rendered":"\n<p><em><span class=\"has-inline-color has-bright-red-color\">Der Betrieb des \u201eDokumentationszentrums UN \u2013 EU\u201c wird eingestellt. Die entsprechende Literatur bleibt im Bestand und ist weiterhin zug\u00e4nglich.<\/span><\/em><\/p>\n\n\n<div class=\"page\">\n<div class=\"medium-9 main columns\">\n<div class=\"zf-3row node node-blog-post node-sticky view-mode-full\">\n<div class=\"row\">\n<div class=\"group-content columns\">\n<div class=\"group-content-box box\">\n<div class=\"body field\">\n<p><img loading=\"lazy\" decoding=\"async\" class=\"size-medium wp-image-19629 alignright\" src=\"https:\/\/blogs.fu-berlin.de\/bibliotheken\/files\/2016\/08\/2016-08-10-07.03.29-169x300.png\" alt=\"2016-08-10 07.03.29\" width=\"169\" height=\"300\" srcset=\"https:\/\/blogs.fu-berlin.de\/bibliotheken\/files\/2016\/08\/2016-08-10-07.03.29-169x300.png 169w, https:\/\/blogs.fu-berlin.de\/bibliotheken\/files\/2016\/08\/2016-08-10-07.03.29-768x1365.png 768w, https:\/\/blogs.fu-berlin.de\/bibliotheken\/files\/2016\/08\/2016-08-10-07.03.29.png 1080w\" sizes=\"auto, (max-width: 169px) 85vw, 169px\" \/>Gesicherte Marken und Designs sind der mitunter der gr\u00f6\u00dfte Schrecken und Segen zugleich f\u00fcr Jungunternehmer und kreative K\u00f6pfe.<\/p>\n<p>Das Amt der Europ\u00e4ischen Union f\u00fcr geistiges Eigentum (<a href=\"https:\/\/euipo.europa.eu\/\" target=\"_blank\" rel=\"noopener noreferrer\">European Union Intellectual Property Office -EUIPO<\/a>) bietet die M\u00f6glichkeit, Marken und Geschmacksmuster in der Europ\u00e4ischen Union sch\u00fctzen zu lassen. Damit man vor der Anmeldung einer Marke wei\u00df, ob man sich damit in rechtlich bedenkliche Gefilde begibt oder eine L\u00fccke f\u00fcllt, kann man in <a href=\"https:\/\/euipo.europa.eu\/eSearch\"><strong>eSearch plus<\/strong><\/a>, der Datenbank des EUIPO vorab recherchieren. Dort kann man nicht nur sehen, ob die Marke oder das Geschmacksmuster bereits angemeldet ist, sondern auch wer der Inhaber ist. Zudem sind dort auch Kontaktdaten zu diesem hinterlegt.<\/p>\n<p>Die Datenbank ist \u00fcber die <a href=\"https:\/\/euipo.europa.eu\/eSearch\/#basic\">Website des EUIPO<\/a> erreichbar aber auch als App f\u00fcr <a href=\"https:\/\/play.google.com\/store\/apps\/details?id=eu.europa.oami&amp;hl=ge\">Android<\/a> und <a href=\"https:\/\/itunes.apple.com\/de\/app\/euipo-esearch-plus\/id1096558887\">iOS<\/a> verf\u00fcgbar.<\/p>\n<p>Weitere Informationen zu der Europ\u00e4ischen Union finden Sie auch in unserem&nbsp;<a href=\"https:\/\/www.fu-berlin.de\/sites\/ub\/ueber-uns\/un-eu\/index.html\">Dokumentationszentrum&nbsp;UN-EU<\/a>.<\/p>\n<\/div>\n<\/div>\n<\/div>\n<\/div>\n<\/div>\n<\/div>\n<\/div>","protected":false},"excerpt":{"rendered":"<p>Der Betrieb des \u201eDokumentationszentrums UN \u2013 EU\u201c wird eingestellt. Die entsprechende Literatur bleibt im Bestand und ist weiterhin zug\u00e4nglich. Gesicherte Marken und Designs sind der mitunter der gr\u00f6\u00dfte Schrecken und Segen zugleich f\u00fcr Jungunternehmer und kreative K\u00f6pfe. Das Amt der Europ\u00e4ischen Union f\u00fcr geistiges Eigentum (European Union Intellectual Property Office -EUIPO) bietet die M\u00f6glichkeit, Marken &hellip; <a href=\"https:\/\/blogs.fu-berlin.de\/bibliotheken\/2016\/08\/25\/marken-einfach-mobil-ueberpruefen\/\" class=\"more-link\"><span class=\"screen-reader-text\">\u201eMarken einfach mobil \u00fcberpr\u00fcfen\u201c<\/span> weiterlesen<\/a><\/p>\n","protected":false},"author":343,"featured_media":0,"comment_status":"open","ping_status":"open","sticky":false,"template":"","format":"standard","meta":{"footnotes":""},"categories":[604],"tags":[3082,2458,1977],"class_list":["post-19625","post","type-post","status-publish","format-standard","hentry","category-ins-netz-geschaut","tag-app","tag-dokumentationszentrum-un-eu","tag-europaische-union"],"_links":{"self":[{"href":"https:\/\/blogs.fu-berlin.de\/bibliotheken\/wp-json\/wp\/v2\/posts\/19625","targetHints":{"allow":["GET"]}}],"collection":[{"href":"https:\/\/blogs.fu-berlin.de\/bibliotheken\/wp-json\/wp\/v2\/posts"}],"about":[{"href":"https:\/\/blogs.fu-berlin.de\/bibliotheken\/wp-json\/wp\/v2\/types\/post"}],"author":[{"embeddable":true,"href":"https:\/\/blogs.fu-berlin.de\/bibliotheken\/wp-json\/wp\/v2\/users\/343"}],"replies":[{"embeddable":true,"href":"https:\/\/blogs.fu-berlin.de\/bibliotheken\/wp-json\/wp\/v2\/comments?post=19625"}],"version-history":[{"count":7,"href":"https:\/\/blogs.fu-berlin.de\/bibliotheken\/wp-json\/wp\/v2\/posts\/19625\/revisions"}],"predecessor-version":[{"id":29713,"href":"https:\/\/blogs.fu-berlin.de\/bibliotheken\/wp-json\/wp\/v2\/posts\/19625\/revisions\/29713"}],"wp:attachment":[{"href":"https:\/\/blogs.fu-berlin.de\/bibliotheken\/wp-json\/wp\/v2\/media?parent=19625"}],"wp:term":[{"taxonomy":"category","embeddable":true,"href":"https:\/\/blogs.fu-berlin.de\/bibliotheken\/wp-json\/wp\/v2\/categories?post=19625"},{"taxonomy":"post_tag","embeddable":true,"href":"https:\/\/blogs.fu-berlin.de\/bibliotheken\/wp-json\/wp\/v2\/tags?post=19625"}],"curies":[{"name":"wp","href":"https:\/\/api.w.org\/{rel}","templated":true}]}}