{"id":19635,"date":"2016-08-18T09:00:45","date_gmt":"2016-08-18T08:00:45","guid":{"rendered":"https:\/\/blogs.fu-berlin.de\/bibliotheken\/?p=19635"},"modified":"2021-09-16T10:47:39","modified_gmt":"2021-09-16T09:47:39","slug":"model-european-union-im-wise-201617","status":"publish","type":"post","link":"https:\/\/blogs.fu-berlin.de\/bibliotheken\/2016\/08\/18\/model-european-union-im-wise-201617\/","title":{"rendered":"Model European Union im WiSe 2016\/17"},"content":{"rendered":"\n<p><em><span class=\"has-inline-color has-bright-red-color\">Der Betrieb des \u201eDokumentationszentrums UN \u2013 EU\u201c wird eingestellt. Die entsprechende Literatur bleibt im Bestand und ist weiterhin zug\u00e4nglich.<\/span><\/em><\/p>\n\n\n<p class=\"main_headline clearfix\"><!-- BEGIN Fragment fu-berlin\/16072708\/head\/css_js\/1470647689\/fu-berlin?111453:86400 -->Noch bis zum 21. August k\u00f6nnen sich Studierende am Model European Union f\u00fcr das Wintersemester 2016\/17 anmelden. Das Motto ist<strong> <!-- BEGIN Fragment fu-berlin\/16072708\/head\/rss\/false\/4601626\/1470647689?181532:22003 --> <!-- END Fragment fu-berlin\/16072708\/head\/rss\/false\/4601626\/1470647689?181532:22003 --> <!-- END Fragment fu-berlin\/16072708\/views\/head_meta\/66643531\/1470820780?130403:1823 -->What now? The Brexit Referendum and the Future of the European Idea<\/strong>. Die Konferenzsimulation wird am 30. November und 1. Dezember in Englisch durchgef\u00fchrt. Die Teilnehmer nehmen die Rolle von Mitgliedern des Europ\u00e4ischen Rates der Europ\u00e4ischen Union ein und vertreten so die Interessen &#8222;ihres&#8220; Mitgliedes.<strong><br>\n<\/strong><\/p>\n<p class=\"main_headline clearfix\">Studierende aller Fachrichtungen sind herzlich eingeladen, sich zu bewerben.<\/p>\n<p class=\"main_headline clearfix\">Weitere Informationen gibt es <a href=\"https:\/\/www.fu-berlin.de\/sites\/mun\/news\/2016-07-25.html\">hier<\/a>. <span style=\"color: #ff0000\"> Hinweis: Die Bewerbungsfrist wird bis zum 30. September erweitert!<\/span><\/p>\n<p class=\"main_headline clearfix\">Noch mehr Informationen zur EU bekommen Sie in unserem <a href=\"https:\/\/www.fu-berlin.de\/sites\/ub\/ueber-uns\/un-eu\/index.html\">Dokumentationszentrum&nbsp;UN-EU<\/a>.<\/p>","protected":false},"excerpt":{"rendered":"<p>Der Betrieb des \u201eDokumentationszentrums UN \u2013 EU\u201c wird eingestellt. Die entsprechende Literatur bleibt im Bestand und ist weiterhin zug\u00e4nglich. Noch bis zum 21. August k\u00f6nnen sich Studierende am Model European Union f\u00fcr das Wintersemester 2016\/17 anmelden. Das Motto ist What now? The Brexit Referendum and the Future of the European Idea. Die Konferenzsimulation wird am &hellip; <a href=\"https:\/\/blogs.fu-berlin.de\/bibliotheken\/2016\/08\/18\/model-european-union-im-wise-201617\/\" class=\"more-link\"><span class=\"screen-reader-text\">\u201eModel European Union im WiSe 2016\/17\u201c<\/span> weiterlesen<\/a><\/p>\n","protected":false},"author":343,"featured_media":0,"comment_status":"open","ping_status":"open","sticky":false,"template":"","format":"standard","meta":{"footnotes":""},"categories":[70],"tags":[2458,1977],"class_list":["post-19635","post","type-post","status-publish","format-standard","hentry","category-veranstaltungen","tag-dokumentationszentrum-un-eu","tag-europaische-union"],"_links":{"self":[{"href":"https:\/\/blogs.fu-berlin.de\/bibliotheken\/wp-json\/wp\/v2\/posts\/19635","targetHints":{"allow":["GET"]}}],"collection":[{"href":"https:\/\/blogs.fu-berlin.de\/bibliotheken\/wp-json\/wp\/v2\/posts"}],"about":[{"href":"https:\/\/blogs.fu-berlin.de\/bibliotheken\/wp-json\/wp\/v2\/types\/post"}],"author":[{"embeddable":true,"href":"https:\/\/blogs.fu-berlin.de\/bibliotheken\/wp-json\/wp\/v2\/users\/343"}],"replies":[{"embeddable":true,"href":"https:\/\/blogs.fu-berlin.de\/bibliotheken\/wp-json\/wp\/v2\/comments?post=19635"}],"version-history":[{"count":5,"href":"https:\/\/blogs.fu-berlin.de\/bibliotheken\/wp-json\/wp\/v2\/posts\/19635\/revisions"}],"predecessor-version":[{"id":29483,"href":"https:\/\/blogs.fu-berlin.de\/bibliotheken\/wp-json\/wp\/v2\/posts\/19635\/revisions\/29483"}],"wp:attachment":[{"href":"https:\/\/blogs.fu-berlin.de\/bibliotheken\/wp-json\/wp\/v2\/media?parent=19635"}],"wp:term":[{"taxonomy":"category","embeddable":true,"href":"https:\/\/blogs.fu-berlin.de\/bibliotheken\/wp-json\/wp\/v2\/categories?post=19635"},{"taxonomy":"post_tag","embeddable":true,"href":"https:\/\/blogs.fu-berlin.de\/bibliotheken\/wp-json\/wp\/v2\/tags?post=19635"}],"curies":[{"name":"wp","href":"https:\/\/api.w.org\/{rel}","templated":true}]}}