{"id":19679,"date":"2016-09-01T10:00:24","date_gmt":"2016-09-01T09:00:24","guid":{"rendered":"https:\/\/blogs.fu-berlin.de\/bibliotheken\/?p=19679"},"modified":"2021-09-16T10:46:11","modified_gmt":"2021-09-16T09:46:11","slug":"in-und-mit-europa-in-kontakt-kommen","status":"publish","type":"post","link":"https:\/\/blogs.fu-berlin.de\/bibliotheken\/2016\/09\/01\/in-und-mit-europa-in-kontakt-kommen\/","title":{"rendered":"In und mit Europa in Kontakt kommen"},"content":{"rendered":"\n<p><em><span class=\"has-inline-color has-bright-red-color\">Der Betrieb des \u201eDokumentationszentrums UN \u2013 EU\u201c wird eingestellt. Die entsprechende Literatur bleibt im Bestand und ist weiterhin zug\u00e4nglich.<\/span><\/em><\/p>\n\n\n<p><figure id=\"attachment_19680\" aria-describedby=\"caption-attachment-19680\" style=\"width: 116px\" class=\"wp-caption alignright\"><img loading=\"lazy\" decoding=\"async\" class=\" wp-image-19680\" src=\"https:\/\/blogs.fu-berlin.de\/bibliotheken\/files\/2016\/08\/20151106PHT01505_original-e1472545721296-300x298.jpg\" alt=\"In der App Snapchat einfach dieses Bild scannen und des Beitr\u00e4gen des Europ\u00e4ischen Parlaments folgen\" width=\"116\" height=\"115\" srcset=\"https:\/\/blogs.fu-berlin.de\/bibliotheken\/files\/2016\/08\/20151106PHT01505_original-e1472545721296-300x298.jpg 300w, https:\/\/blogs.fu-berlin.de\/bibliotheken\/files\/2016\/08\/20151106PHT01505_original-e1472545721296-150x150.jpg 150w, https:\/\/blogs.fu-berlin.de\/bibliotheken\/files\/2016\/08\/20151106PHT01505_original-e1472545721296.jpg 673w\" sizes=\"auto, (max-width: 116px) 85vw, 116px\" \/><figcaption id=\"caption-attachment-19680\" class=\"wp-caption-text\">In der App Snapchat einfach dieses Bild scannen und des Beitr\u00e4gen des Europ\u00e4ischen Parlaments folgen<\/figcaption><\/figure><\/p>\n<p>Einen virtuellen Einblick in die Arbeit des Europ\u00e4ischen Parlaments ist seit einiger Zeit \u00fcber die App <strong>Snapchat<\/strong> m\u00f6glich. Dort kann man in kurzen Videos oder Bildern einen Blick hinter die Kulissen werfen. Auf diesem Wege kann man auch Fragen an das Europ\u00e4ische Parlament richten.<\/p>\n<p>&nbsp;<\/p>\n<p>Wer doch lieber pers\u00f6nlich &#8222;behind the scenes&#8220; sein m\u00f6chte, kann sich auf einen <strong>Praktikumsplatz beim Europ\u00e4ischen Parlament<\/strong> bewerben. Es werden Praktika f\u00fcr die allgemeine Arbeit im Parlament und gesondert auch f\u00fcr die \u00dcbersetzungsarbeit angeboten. N\u00e4here Informationen finden sich <a href=\"https:\/\/www.europarl.europa.eu\/atyourservice\/de\/20150201PVL00047\/Praktika\">hier<\/a>.<\/p>\n<p>&nbsp;<\/p>\n<p>Das Erasmus-Stipendium d\u00fcrfte den meisten ein Begriff sein. Dahinter verbirgt sich aber nicht nur ein Stipendium um ein Semester an einer Universit\u00e4t im Ausland zu verbringen. Es gibt auch das Projekt &#8222;<strong>Erasmus f\u00fcr Jungunternehmer<\/strong>&#8222;. Dabei kann ein frisch gebackener Unternehmer Erfahrungen und Qualifikationen bei Unternehmen in anderen EU-Mitgliedsstaaten sammeln. Mehr Informaionen sind unter <a href=\"https:\/\/www.erasmus-entrepreneurs.eu\/upload\/Programme%20Guide%20DE%20May%202015.pdf\">diesem Link<\/a> zu finden.<\/p>\n<p>&nbsp;<\/p>\n<p>Noch mehr Informationen zur EU bekommen Sie in unserem <a href=\"https:\/\/www.fu-berlin.de\/sites\/ub\/ueber-uns\/un-eu\/index.html\">Dokumentationszentrum&nbsp;UN-EU<\/a>.<\/p>","protected":false},"excerpt":{"rendered":"<p>Der Betrieb des \u201eDokumentationszentrums UN \u2013 EU\u201c wird eingestellt. Die entsprechende Literatur bleibt im Bestand und ist weiterhin zug\u00e4nglich. Einen virtuellen Einblick in die Arbeit des Europ\u00e4ischen Parlaments ist seit einiger Zeit \u00fcber die App Snapchat m\u00f6glich. Dort kann man in kurzen Videos oder Bildern einen Blick hinter die Kulissen werfen. Auf diesem Wege kann &hellip; <a href=\"https:\/\/blogs.fu-berlin.de\/bibliotheken\/2016\/09\/01\/in-und-mit-europa-in-kontakt-kommen\/\" class=\"more-link\"><span class=\"screen-reader-text\">\u201eIn und mit Europa in Kontakt kommen\u201c<\/span> weiterlesen<\/a><\/p>\n","protected":false},"author":343,"featured_media":0,"comment_status":"open","ping_status":"open","sticky":false,"template":"","format":"standard","meta":{"footnotes":""},"categories":[604],"tags":[2458,1301,56944,57507],"class_list":["post-19679","post","type-post","status-publish","format-standard","hentry","category-ins-netz-geschaut","tag-dokumentationszentrum-un-eu","tag-erasmus","tag-europaeisches-parlament","tag-snapchat"],"_links":{"self":[{"href":"https:\/\/blogs.fu-berlin.de\/bibliotheken\/wp-json\/wp\/v2\/posts\/19679","targetHints":{"allow":["GET"]}}],"collection":[{"href":"https:\/\/blogs.fu-berlin.de\/bibliotheken\/wp-json\/wp\/v2\/posts"}],"about":[{"href":"https:\/\/blogs.fu-berlin.de\/bibliotheken\/wp-json\/wp\/v2\/types\/post"}],"author":[{"embeddable":true,"href":"https:\/\/blogs.fu-berlin.de\/bibliotheken\/wp-json\/wp\/v2\/users\/343"}],"replies":[{"embeddable":true,"href":"https:\/\/blogs.fu-berlin.de\/bibliotheken\/wp-json\/wp\/v2\/comments?post=19679"}],"version-history":[{"count":4,"href":"https:\/\/blogs.fu-berlin.de\/bibliotheken\/wp-json\/wp\/v2\/posts\/19679\/revisions"}],"predecessor-version":[{"id":29479,"href":"https:\/\/blogs.fu-berlin.de\/bibliotheken\/wp-json\/wp\/v2\/posts\/19679\/revisions\/29479"}],"wp:attachment":[{"href":"https:\/\/blogs.fu-berlin.de\/bibliotheken\/wp-json\/wp\/v2\/media?parent=19679"}],"wp:term":[{"taxonomy":"category","embeddable":true,"href":"https:\/\/blogs.fu-berlin.de\/bibliotheken\/wp-json\/wp\/v2\/categories?post=19679"},{"taxonomy":"post_tag","embeddable":true,"href":"https:\/\/blogs.fu-berlin.de\/bibliotheken\/wp-json\/wp\/v2\/tags?post=19679"}],"curies":[{"name":"wp","href":"https:\/\/api.w.org\/{rel}","templated":true}]}}