{"id":19683,"date":"2016-09-08T09:00:24","date_gmt":"2016-09-08T08:00:24","guid":{"rendered":"https:\/\/blogs.fu-berlin.de\/bibliotheken\/?p=19683"},"modified":"2021-09-16T10:45:51","modified_gmt":"2021-09-16T09:45:51","slug":"informationen-von-der-europaeischen-kommission","status":"publish","type":"post","link":"https:\/\/blogs.fu-berlin.de\/bibliotheken\/2016\/09\/08\/informationen-von-der-europaeischen-kommission\/","title":{"rendered":"Informationen von der Europ\u00e4ischen Kommission"},"content":{"rendered":"\n<p><em><span class=\"has-inline-color has-bright-red-color\">Der Betrieb des \u201eDokumentationszentrums UN \u2013 EU\u201c wird eingestellt. Die entsprechende Literatur bleibt im Bestand und ist weiterhin zug\u00e4nglich.<\/span><\/em><\/p>\n\n\n<p>Wer sich f\u00fcr die n\u00e4chste Reise ein Auto mieten will oder wissen m\u00f6chte, wie umweltvertr\u00e4glich sein eigenes Auto ist, dem sei das <strong><a href=\"https:\/\/green-driving.jrc.ec.europa.eu\/#\/custominterface\">Green Driving Tool<\/a><\/strong> der EU Joint Research Centre (JRC) ans Herz gelegt.<\/p>\n<p>Man kann des Start- und Zielpunkt der Reise eingeben. Anschlie\u00dfend kann man eine Autoklasse und den Kraftstoff (optional auch Strom) eingeben, den man benutzen will. Die Simulation errechnet den Verbrauch, die Emissionen und die Kraftstoff-\/Stromkosten.<\/p>\n<p>Es k\u00f6nnen noch weitere Optionen ge\u00e4ndert werden, wie beispielsweise die PS-Zahl des Autos oder der genaue Kraftstoffpreis. Mit diesem Tool ist man f\u00fcr die n\u00e4chste Autofahrt gut informiert.<\/p>\n<p>&nbsp;<\/p>\n<p>Im vergangenen Monat ver\u00f6ffentlichte Eurostat zur Feier des International Youth Day am 12. August eine <a href=\"https:\/\/ec.europa.eu\/eurostat\/news\/themes-in-the-spotlight\/youth-day-2016\">interaktive Infografik<\/a>, mit der die verschiedenen <strong>Internetaktivit\u00e4ten junger Europ\u00e4erInnen<\/strong> aufgezeigt und betrachtet werden k\u00f6nnen. Des weiteren wurde ein <a href=\"https:\/\/ec.europa.eu\/eurostat\/cache\/infographs\/youth\/index_de.html\">Tool<\/a> ver\u00f6ffentlicht, mit dem sich junge Europ\u00e4erInnen zwischen 16 und 29 Jahren mit anderen Ihres Alters in Europa vergleichen k\u00f6nnen. Dabei geht es um Dinge wie Bildung, Onlineverhalten und Freizeit.<\/p>\n<p>&nbsp;<\/p>\n<p>Eine Infografik zum <strong>Handel der Europ\u00e4ischen Union mit anderen L\u00e4ndern und Regionen<\/strong> k\u00f6nnen Sie <a href=\"https:\/\/trade.ec.europa.eu\/doclib\/docs\/2012\/june\/tradoc_149622.pdf\">hier<\/a> finden. Detailliertere Informationen sind \u00fcber <a href=\"https:\/\/ec.europa.eu\/trade\/policy\/countries-and-regions\/\">diese Liste<\/a> einsehbar.<\/p>\n<p>&nbsp;<\/p>\n<p>Noch mehr Informationen zur EU bekommen Sie in unserem <a href=\"https:\/\/www.fu-berlin.de\/sites\/ub\/ueber-uns\/un-eu\/index.html\">Dokumentationszentrum&nbsp;UN-EU<\/a>.<\/p>\n<p>&nbsp;<\/p>","protected":false},"excerpt":{"rendered":"<p>Der Betrieb des \u201eDokumentationszentrums UN \u2013 EU\u201c wird eingestellt. Die entsprechende Literatur bleibt im Bestand und ist weiterhin zug\u00e4nglich. Wer sich f\u00fcr die n\u00e4chste Reise ein Auto mieten will oder wissen m\u00f6chte, wie umweltvertr\u00e4glich sein eigenes Auto ist, dem sei das Green Driving Tool der EU Joint Research Centre (JRC) ans Herz gelegt. Man kann &hellip; <a href=\"https:\/\/blogs.fu-berlin.de\/bibliotheken\/2016\/09\/08\/informationen-von-der-europaeischen-kommission\/\" class=\"more-link\"><span class=\"screen-reader-text\">\u201eInformationen von der Europ\u00e4ischen Kommission\u201c<\/span> weiterlesen<\/a><\/p>\n","protected":false},"author":343,"featured_media":0,"comment_status":"open","ping_status":"open","sticky":false,"template":"","format":"standard","meta":{"footnotes":""},"categories":[604],"tags":[2458,1977,57508],"class_list":["post-19683","post","type-post","status-publish","format-standard","hentry","category-ins-netz-geschaut","tag-dokumentationszentrum-un-eu","tag-europaische-union","tag-eurostat"],"_links":{"self":[{"href":"https:\/\/blogs.fu-berlin.de\/bibliotheken\/wp-json\/wp\/v2\/posts\/19683","targetHints":{"allow":["GET"]}}],"collection":[{"href":"https:\/\/blogs.fu-berlin.de\/bibliotheken\/wp-json\/wp\/v2\/posts"}],"about":[{"href":"https:\/\/blogs.fu-berlin.de\/bibliotheken\/wp-json\/wp\/v2\/types\/post"}],"author":[{"embeddable":true,"href":"https:\/\/blogs.fu-berlin.de\/bibliotheken\/wp-json\/wp\/v2\/users\/343"}],"replies":[{"embeddable":true,"href":"https:\/\/blogs.fu-berlin.de\/bibliotheken\/wp-json\/wp\/v2\/comments?post=19683"}],"version-history":[{"count":7,"href":"https:\/\/blogs.fu-berlin.de\/bibliotheken\/wp-json\/wp\/v2\/posts\/19683\/revisions"}],"predecessor-version":[{"id":29477,"href":"https:\/\/blogs.fu-berlin.de\/bibliotheken\/wp-json\/wp\/v2\/posts\/19683\/revisions\/29477"}],"wp:attachment":[{"href":"https:\/\/blogs.fu-berlin.de\/bibliotheken\/wp-json\/wp\/v2\/media?parent=19683"}],"wp:term":[{"taxonomy":"category","embeddable":true,"href":"https:\/\/blogs.fu-berlin.de\/bibliotheken\/wp-json\/wp\/v2\/categories?post=19683"},{"taxonomy":"post_tag","embeddable":true,"href":"https:\/\/blogs.fu-berlin.de\/bibliotheken\/wp-json\/wp\/v2\/tags?post=19683"}],"curies":[{"name":"wp","href":"https:\/\/api.w.org\/{rel}","templated":true}]}}