{"id":19710,"date":"2016-09-17T09:00:55","date_gmt":"2016-09-17T08:00:55","guid":{"rendered":"https:\/\/blogs.fu-berlin.de\/bibliotheken\/?p=19710"},"modified":"2021-09-16T10:42:36","modified_gmt":"2021-09-16T09:42:36","slug":"fachtagung-der-dgvn-zu-den-sustainable-development-goals","status":"publish","type":"post","link":"https:\/\/blogs.fu-berlin.de\/bibliotheken\/2016\/09\/17\/fachtagung-der-dgvn-zu-den-sustainable-development-goals\/","title":{"rendered":"Fachtagung der DGVN zu den Sustainable Development Goals"},"content":{"rendered":"\n<p><em><span class=\"has-inline-color has-bright-red-color\">Der Betrieb des \u201eDokumentationszentrums UN \u2013 EU\u201c wird eingestellt. Die entsprechende Literatur bleibt im Bestand und ist weiterhin zug\u00e4nglich.<\/span><\/em><\/p>\n\n\n<p>\u00dcber die Agenda 2030 und die Ziele f\u00fcr Nachhaltige Entwicklung <a href=\"https:\/\/blogs.fu-berlin.de\/bibliotheken\/2016\/07\/28\/agenda-2030-sustainable-development-goals-und-2030-watch\/\">berichteten wir bereits<\/a>. N\u00e4chste Woche wird es von der Deutschen Gesellschaft f\u00fcr die Vereinten Nationen e.V. (DGVN) eine Fachtagung dazu geben: Widerspr\u00fcchliche Nachhaltigkeit &#8211; UN-Agenda 2030 und SDGs bei uns und in der Welt.<\/p>\n<div id=\"content_all\" class=\"content_all\">\n<div id=\"content_mitte_breit\" class=\"col content_mitte_breit\">\n<div id=\"c6\" class=\"box contentbox\">\n<div id=\"c6\" class=\"csc-default\">\n<div class=\"tx-mjseventpro-pi1\">\n<div class=\"tx-mjseventpro-pi1-singleView\">\n<div id=\"adDataBox\">\n<div>\n<div class=\"tx-mjseventpro-pi1-singleViewField-promoter\">Die Fachtagung findet am 21. und 22.9. in Berlin statt. Das reichhaltige Programm mit seinen vielen Rednern ist <a href=\"https:\/\/www.dgvn.de\/veranstaltungen\/einzelansicht\/?tx_mjseventpro_pi1%5BshowUid%5D=626&amp;cHash=4981de1722430cae3059f4212d633f6a\">hier<\/a> zu finden. Eine <a href=\"https:\/\/www.dgvn.de\/index.php?id=2192\">vorherige Anmeldung<\/a> ist notwendig.<\/div>\n<div class=\"tx-mjseventpro-pi1-singleViewField-promoter\"><\/div>\n<div class=\"tx-mjseventpro-pi1-singleViewField-promoter\">Weitere Informationen zu der Vereinten Nationen finden Sie auch in unserem&nbsp;<a href=\"https:\/\/www.fu-berlin.de\/sites\/ub\/ueber-uns\/un-eu\/index.html\">Dokumentationszentrum&nbsp;UN-EU<\/a>.<\/div>\n<\/div>\n<\/div>\n<\/div>\n<\/div>\n<\/div>\n<\/div>\n<\/div>\n<\/div>","protected":false},"excerpt":{"rendered":"<p>Der Betrieb des \u201eDokumentationszentrums UN \u2013 EU\u201c wird eingestellt. Die entsprechende Literatur bleibt im Bestand und ist weiterhin zug\u00e4nglich. \u00dcber die Agenda 2030 und die Ziele f\u00fcr Nachhaltige Entwicklung berichteten wir bereits. N\u00e4chste Woche wird es von der Deutschen Gesellschaft f\u00fcr die Vereinten Nationen e.V. (DGVN) eine Fachtagung dazu geben: Widerspr\u00fcchliche Nachhaltigkeit &#8211; UN-Agenda 2030 &hellip; <a href=\"https:\/\/blogs.fu-berlin.de\/bibliotheken\/2016\/09\/17\/fachtagung-der-dgvn-zu-den-sustainable-development-goals\/\" class=\"more-link\"><span class=\"screen-reader-text\">\u201eFachtagung der DGVN zu den Sustainable Development Goals\u201c<\/span> weiterlesen<\/a><\/p>\n","protected":false},"author":343,"featured_media":0,"comment_status":"open","ping_status":"open","sticky":false,"template":"","format":"standard","meta":{"footnotes":""},"categories":[604],"tags":[57496,57511,57510,2458,57512,2678,57495,56894],"class_list":["post-19710","post","type-post","status-publish","format-standard","hentry","category-ins-netz-geschaut","tag-agenda-2030","tag-deutsche-gesellschaft-fuer-die-vereinten-nationen-e-v","tag-dgvn","tag-dokumentationszentrum-un-eu","tag-fachtagung","tag-nachhaltigkeit","tag-sustainable-development-goals","tag-un"],"_links":{"self":[{"href":"https:\/\/blogs.fu-berlin.de\/bibliotheken\/wp-json\/wp\/v2\/posts\/19710","targetHints":{"allow":["GET"]}}],"collection":[{"href":"https:\/\/blogs.fu-berlin.de\/bibliotheken\/wp-json\/wp\/v2\/posts"}],"about":[{"href":"https:\/\/blogs.fu-berlin.de\/bibliotheken\/wp-json\/wp\/v2\/types\/post"}],"author":[{"embeddable":true,"href":"https:\/\/blogs.fu-berlin.de\/bibliotheken\/wp-json\/wp\/v2\/users\/343"}],"replies":[{"embeddable":true,"href":"https:\/\/blogs.fu-berlin.de\/bibliotheken\/wp-json\/wp\/v2\/comments?post=19710"}],"version-history":[{"count":5,"href":"https:\/\/blogs.fu-berlin.de\/bibliotheken\/wp-json\/wp\/v2\/posts\/19710\/revisions"}],"predecessor-version":[{"id":29473,"href":"https:\/\/blogs.fu-berlin.de\/bibliotheken\/wp-json\/wp\/v2\/posts\/19710\/revisions\/29473"}],"wp:attachment":[{"href":"https:\/\/blogs.fu-berlin.de\/bibliotheken\/wp-json\/wp\/v2\/media?parent=19710"}],"wp:term":[{"taxonomy":"category","embeddable":true,"href":"https:\/\/blogs.fu-berlin.de\/bibliotheken\/wp-json\/wp\/v2\/categories?post=19710"},{"taxonomy":"post_tag","embeddable":true,"href":"https:\/\/blogs.fu-berlin.de\/bibliotheken\/wp-json\/wp\/v2\/tags?post=19710"}],"curies":[{"name":"wp","href":"https:\/\/api.w.org\/{rel}","templated":true}]}}