{"id":19713,"date":"2016-09-15T16:00:21","date_gmt":"2016-09-15T15:00:21","guid":{"rendered":"https:\/\/blogs.fu-berlin.de\/bibliotheken\/?p=19713"},"modified":"2021-09-16T10:43:00","modified_gmt":"2021-09-16T09:43:00","slug":"die-lage-der-union","status":"publish","type":"post","link":"https:\/\/blogs.fu-berlin.de\/bibliotheken\/2016\/09\/15\/die-lage-der-union\/","title":{"rendered":"Die Lage der Union"},"content":{"rendered":"\n<p><em><span class=\"has-inline-color has-bright-red-color\">Der Betrieb des \u201eDokumentationszentrums UN \u2013 EU\u201c wird eingestellt. Die entsprechende Literatur bleibt im Bestand und ist weiterhin zug\u00e4nglich.<\/span><\/em><\/p>\n\n\n<p>Gestern hielt der Pr\u00e4sident der Europ\u00e4ischen Kommission, Jean-Claude Juncker die j\u00e4hrlich Rede zur Lage der Union vor dem Europ\u00e4ischen Parlament. Diese Rede w\u00fcrde im Jahre 2010 das erste Mal vom damaligen Pr\u00e4sidenten der Kommission, Manuel Barroso, vor der Plenarsitzung des Europ\u00e4ischen Parlaments gehalten. Im Jahr 2009 wurde sie im Rahmen der neuen Kommunikationsstrategie eingef\u00fchrt und soll die Arbeit der Kommission transparenter machen. Die Rede wird im Netz frei \u00fcbertragen und kann auch noch <a href=\"https:\/\/www.youtube.com\/watch?v=pqeJx11Mvkg\">im Nachhinein abgerufen<\/a> werden.<\/p>\n<p>Dieses Jahr wurden Themen wie der Brexit, die Fl\u00fcchtlingskrise und der Anstieg von Populismus und Fremdenfeindlichkeit angesprochen.<\/p>\n<p>&nbsp;<\/p>\n<p>Der Research Blog des Europ\u00e4ischen Parlaments hat dazu noch eine Linkliste zusammengestellt. Diese ist <a href=\"https:\/\/epthinktank.eu\/2016\/09\/09\/the-state-of-the-union-what-think-tanks-are-thinking\/\">hier<\/a> zu finden.<\/p>\n<p>Noch mehr Informationen zur EU bekommen Sie in unserem <a href=\"https:\/\/www.fu-berlin.de\/sites\/ub\/ueber-uns\/un-eu\/index.html\">Dokumentationszentrum&nbsp;UN-EU<\/a>.<\/p>","protected":false},"excerpt":{"rendered":"<p>Der Betrieb des \u201eDokumentationszentrums UN \u2013 EU\u201c wird eingestellt. Die entsprechende Literatur bleibt im Bestand und ist weiterhin zug\u00e4nglich. Gestern hielt der Pr\u00e4sident der Europ\u00e4ischen Kommission, Jean-Claude Juncker die j\u00e4hrlich Rede zur Lage der Union vor dem Europ\u00e4ischen Parlament. Diese Rede w\u00fcrde im Jahre 2010 das erste Mal vom damaligen Pr\u00e4sidenten der Kommission, Manuel Barroso, &hellip; <a href=\"https:\/\/blogs.fu-berlin.de\/bibliotheken\/2016\/09\/15\/die-lage-der-union\/\" class=\"more-link\"><span class=\"screen-reader-text\">\u201eDie Lage der Union\u201c<\/span> weiterlesen<\/a><\/p>\n","protected":false},"author":343,"featured_media":0,"comment_status":"open","ping_status":"open","sticky":false,"template":"","format":"standard","meta":{"footnotes":""},"categories":[604],"tags":[2458,1978,56945,1977,57514],"class_list":["post-19713","post","type-post","status-publish","format-standard","hentry","category-ins-netz-geschaut","tag-dokumentationszentrum-un-eu","tag-eu","tag-europaeische-kommission","tag-europaische-union","tag-state-of-the-union"],"_links":{"self":[{"href":"https:\/\/blogs.fu-berlin.de\/bibliotheken\/wp-json\/wp\/v2\/posts\/19713","targetHints":{"allow":["GET"]}}],"collection":[{"href":"https:\/\/blogs.fu-berlin.de\/bibliotheken\/wp-json\/wp\/v2\/posts"}],"about":[{"href":"https:\/\/blogs.fu-berlin.de\/bibliotheken\/wp-json\/wp\/v2\/types\/post"}],"author":[{"embeddable":true,"href":"https:\/\/blogs.fu-berlin.de\/bibliotheken\/wp-json\/wp\/v2\/users\/343"}],"replies":[{"embeddable":true,"href":"https:\/\/blogs.fu-berlin.de\/bibliotheken\/wp-json\/wp\/v2\/comments?post=19713"}],"version-history":[{"count":5,"href":"https:\/\/blogs.fu-berlin.de\/bibliotheken\/wp-json\/wp\/v2\/posts\/19713\/revisions"}],"predecessor-version":[{"id":29475,"href":"https:\/\/blogs.fu-berlin.de\/bibliotheken\/wp-json\/wp\/v2\/posts\/19713\/revisions\/29475"}],"wp:attachment":[{"href":"https:\/\/blogs.fu-berlin.de\/bibliotheken\/wp-json\/wp\/v2\/media?parent=19713"}],"wp:term":[{"taxonomy":"category","embeddable":true,"href":"https:\/\/blogs.fu-berlin.de\/bibliotheken\/wp-json\/wp\/v2\/categories?post=19713"},{"taxonomy":"post_tag","embeddable":true,"href":"https:\/\/blogs.fu-berlin.de\/bibliotheken\/wp-json\/wp\/v2\/tags?post=19713"}],"curies":[{"name":"wp","href":"https:\/\/api.w.org\/{rel}","templated":true}]}}