{"id":19720,"date":"2016-09-20T18:30:04","date_gmt":"2016-09-20T17:30:04","guid":{"rendered":"https:\/\/blogs.fu-berlin.de\/bibliotheken\/?p=19720"},"modified":"2016-10-24T12:32:55","modified_gmt":"2016-10-24T11:32:55","slug":"finalisten-des-deutschen-buchpreises-2016-stehen-fest","status":"publish","type":"post","link":"https:\/\/blogs.fu-berlin.de\/bibliotheken\/2016\/09\/20\/finalisten-des-deutschen-buchpreises-2016-stehen-fest\/","title":{"rendered":"Finalisten des Deutschen Buchpreises 2016 stehen fest"},"content":{"rendered":"<p><a href=\"https:\/\/blogs.fu-berlin.de\/bibliotheken\/files\/2016\/09\/csm_Aufkleber_Shortlist200x200_90cb0dbdf8.png\"><img loading=\"lazy\" decoding=\"async\" class=\"alignright wp-image-19855 size-full\" src=\"https:\/\/blogs.fu-berlin.de\/bibliotheken\/files\/2016\/09\/csm_Aufkleber_Shortlist200x200_90cb0dbdf8.png\" alt=\"csm_Aufkleber_Shortlist200x200_90cb0dbdf8\" width=\"200\" height=\"200\" srcset=\"https:\/\/blogs.fu-berlin.de\/bibliotheken\/files\/2016\/09\/csm_Aufkleber_Shortlist200x200_90cb0dbdf8.png 200w, https:\/\/blogs.fu-berlin.de\/bibliotheken\/files\/2016\/09\/csm_Aufkleber_Shortlist200x200_90cb0dbdf8-150x150.png 150w\" sizes=\"auto, (max-width: 200px) 85vw, 200px\" \/><\/a>Der B\u00f6rsenverein des deutschen Buchhandels hat die sechs nominierten Romane, die sogenannten \u201eShortlist\u201c, f\u00fcr den Deutschen Buchpreis <a href=\"https:\/\/www.deutscher-buchpreis.de\/nominiert\/#section-shortlist\">bekanntgegeben<\/a>. Erst seit 2005 verliehen, gilt die mit insgesamt 37.500 Euro dotierte Auszeichnung als deutsche Antwort auf den franz\u00f6sischen Prix Goncourt oder den britischen Booker Prize.<\/p>\n<p><strong>Aus 20 mach&#8216; 6<\/strong><\/p>\n<p>Die Jury um die Literaturkritiker Thomas Andre (Hamburger Abendblatt), Lena Bopp (Frankfurter Allgemeine Zeitung), Christoph Schr\u00f6der, Sabine Vogel (Berliner Zeitung) und den Berliner Kritiker und Autor Najem Wali haben insgesamt 178 Titel gesichtet, die zwischen Oktober 2015 und dem 20. September 2016 erschienen sind. Nachdem sie im letzten Monat die <a href=\"https:\/\/blogs.fu-berlin.de\/bibliotheken\/2016\/08\/25\/longlist-zum-deutschen-buchpreis-2016-veroeffentlicht\/\">\u201eLonglist\u201c mit 20 Titeln<\/a> pr\u00e4sentierten, wetteifern nun nur noch sechs Autoren \u2013 vier Deutsche und zwei \u00d6sterreicher \u2013 um die Auszeichnung:<\/p>\n<p>Der \u00d6sterreicher Reinhard Kaiser-M\u00fchlecker erz\u00e4hlt in seinem Dorfroman <em>Fremde Seele, dunkler Wald<\/em> vom Schicksal zweier Br\u00fcder. W\u00e4hrend der eine als Soldat in den Auslandseinsatz zieht, bleibt der andere in der \u00f6sterreichischen Heimat zur\u00fcck und f\u00fchrt den elterlichen Hof, der heimlich St\u00fcck f\u00fcr St\u00fcck vom Vater verkauft wird.<\/p>\n<p>Ebenfalls am Alpenrand wider findet sich Bodo Kirchoffs Protagonist aus <em>Widerfahrnis<\/em>, der in der Bibliothek ein Buch einer lokalen Autorin entdeckt. Diese f\u00fchrt ihn binnen drei Tage bis nach Sizilien und der m\u00f6glichen Chance auf eine gro\u00dfe Liebe.<\/p>\n<p>W\u00e4hrend die Wolfgang-Herrndorf-Verfilmung <em>Tschick<\/em> gerade in den Kinos angelaufen ist, erz\u00e4hlt der geb\u00fcrtige Potsdamer Andr\u00e9 Kubiczek eine \u00e4hnlich leicht erz\u00e4hlte<br \/>\nComing-of-Age-Geschichte. In <em>Skizze eines Sommers<\/em> stellt er einen 16-j\u00e4hrigen Jungen in den Mittelpunkt, der den Sommer allein mit Freunden in Potsdam des Jahres 1985 verbringt und sich zwischen Caf\u00e9 und Disko das erste Mal verliebt.<\/p>\n<p>Erfolgreich auf dem Papier liest sich bisher die Bilanz des geb\u00fcrtigen Bonners und fr\u00fcheren FU-Studenten Thomas Melle. Mit <em>Sickster\u00a0<\/em>(2011), <em>3000 Euro<\/em> (2014, Shortlist) und nun <em>Die Welt im R\u00fccken<\/em> hat er bislang drei Romane ver\u00f6ffentlicht &#8211; alle drei Titel kamen auf die Nominiertenlisten f\u00fcr den Deutschen Buchpreis. Melles neuestes Werk ist autobiographischen Ursprungs und thematisiert die bipolare St\u00f6rung, an der er seit Jahren leidet.<\/p>\n<p>Als einzige Frau tummelt sich die \u00d6sterreicherin Eva Schmidt unter den letzten sechs. Nach dem Roman <em>Zwischen der Zeit<\/em> (1997) ver\u00f6ffentlichte die Autorin fast 20 Jahre sp\u00e4ter ihren aus 38 Episoden bestehenden zweiten Roman <em>Ein langes Jahr<\/em>, der an ihrem Wohnort verortet ist, auch wenn der Name Bregenz nie Erw\u00e4hnung findet. Die Kritik zog Vergleiche zu Robert Altmans legend\u00e4rem Film <em>Short Cuts<\/em>.<\/p>\n<p>Mit dem Deutschen Philipp Winkler (* 1986) gelangte auch ein Romandeb\u00fctant auf die Shortlist, dem Au\u00dfenseiterchancen zugerechnet werden. Sein Roman <em>Hool<\/em> spielt in der Hannoveraner Hooligan-Szene. Bereits zu den diesj\u00e4hrigen Krawallen bei der Fu\u00dfball-EM in Frankreich hatte Winkler in einem Gastbeitrag in der FAZ <a href=\"https:\/\/www.faz.net\/aktuell\/feuilleton\/debatten\/nach-em-krawallen-einblick-in-die-hooligans-szene-14306789.html\">\u201eEinblick in die Kampfszene\u201c<\/a> gegeben.<\/p>\n<p><strong>Die sechs Finalisten im \u00dcberblick<br \/>\n<\/strong>(verf\u00fcgbare Titel sind verlinkt und in der <a href=\"https:\/\/www.fu-berlin.de\/sites\/bibliotheken\/bibliothekenfuehrer\/philologische_bibliothek\/index.html\">Philologischen Bibliothek<\/a> vorhanden):<\/p>\n<ul>\n<ul>\n<li>Reinhard Kaiser-M\u00fchlecker: <a href=\"https:\/\/primo.kobv.de\/FUB:FUB_ALEPH005762211\"><em>Fremde Seele, dunkler Wald<\/em><\/a> (S. Fischer, August 2016)<\/li>\n<\/ul>\n<\/ul>\n<ul>\n<ul>\n<li>Bodo Kirchhoff: <a href=\"https:\/\/primo.kobv.de\/FUB:FUB_ALEPH005765133\"><em>Widerfahrnis<\/em><\/a> (Frankfurter Verlagsanstalt, September 2016)<\/li>\n<\/ul>\n<\/ul>\n<ul>\n<ul>\n<li>Andr\u00e9 Kubiczek:<a href=\"https:\/\/primo.kobv.de\/FUB:FUB_ALEPH005734274\"><em> Skizze eines Sommers<\/em><\/a> (Rowohlt Berlin, Mai 2016)<\/li>\n<\/ul>\n<\/ul>\n<ul>\n<ul>\n<li>Thomas Melle: <a href=\"https:\/\/primo.kobv.de\/FUB:FUB_ALEPH005776056\"><em>Die Welt im R\u00fccken<\/em><\/a> (Rowohlt Berlin, August 2016)<\/li>\n<\/ul>\n<\/ul>\n<ul>\n<ul>\n<li>Eva Schmidt: <a href=\"https:\/\/primo.kobv.de\/FUB:FUB_ALEPH005779926\"><em>Ein langes Jahr<\/em><\/a> (Jung und Jung, Februar 2016)<\/li>\n<\/ul>\n<\/ul>\n<ul>\n<ul>\n<li>Philipp Winkler: <a href=\"https:\/\/primo.kobv.de\/FUB:FUB_ALEPH005774215\"><em>Hool<\/em><\/a> (Aufbau, September 2016)<\/li>\n<\/ul>\n<\/ul>\n<p>Die Preisverleihung findet zum Auftakt der Frankfurter Buchmesse am 17. Oktober 2016 statt.<\/p>\n<p>Zwar ist die kostenfreie App mit Artikelanf\u00e4ngen seit 2014 pass\u00e9, aber \u00fcber <a href=\"https:\/\/detektor.fm\/themen\/deutscher-buchpreis\">detektor.fm<\/a> lassen sich kostenfrei nach und nach Ausz\u00fcge aus den nominierten Romane anh\u00f6ren (auch als App verf\u00fcgbar).<\/p>\n","protected":false},"excerpt":{"rendered":"<p>Der B\u00f6rsenverein des deutschen Buchhandels hat die sechs nominierten Romane, die sogenannten \u201eShortlist\u201c, f\u00fcr den Deutschen Buchpreis bekanntgegeben. Erst seit 2005 verliehen, gilt die mit insgesamt 37.500 Euro dotierte Auszeichnung als deutsche Antwort auf den franz\u00f6sischen Prix Goncourt oder den britischen Booker Prize. Aus 20 mach&#8216; 6 Die Jury um die Literaturkritiker Thomas Andre (Hamburger &hellip; <a href=\"https:\/\/blogs.fu-berlin.de\/bibliotheken\/2016\/09\/20\/finalisten-des-deutschen-buchpreises-2016-stehen-fest\/\" class=\"more-link\"><span class=\"screen-reader-text\">\u201eFinalisten des Deutschen Buchpreises 2016 stehen fest\u201c<\/span> weiterlesen<\/a><\/p>\n","protected":false},"author":293,"featured_media":0,"comment_status":"open","ping_status":"open","sticky":false,"template":"","format":"standard","meta":{"footnotes":""},"categories":[604,492],"tags":[57543,57515],"class_list":["post-19720","post","type-post","status-publish","format-standard","hentry","category-ins-netz-geschaut","category-literaturtipps","tag-deutscher-buchpreis","tag-shortlist-2016"],"_links":{"self":[{"href":"https:\/\/blogs.fu-berlin.de\/bibliotheken\/wp-json\/wp\/v2\/posts\/19720","targetHints":{"allow":["GET"]}}],"collection":[{"href":"https:\/\/blogs.fu-berlin.de\/bibliotheken\/wp-json\/wp\/v2\/posts"}],"about":[{"href":"https:\/\/blogs.fu-berlin.de\/bibliotheken\/wp-json\/wp\/v2\/types\/post"}],"author":[{"embeddable":true,"href":"https:\/\/blogs.fu-berlin.de\/bibliotheken\/wp-json\/wp\/v2\/users\/293"}],"replies":[{"embeddable":true,"href":"https:\/\/blogs.fu-berlin.de\/bibliotheken\/wp-json\/wp\/v2\/comments?post=19720"}],"version-history":[{"count":9,"href":"https:\/\/blogs.fu-berlin.de\/bibliotheken\/wp-json\/wp\/v2\/posts\/19720\/revisions"}],"predecessor-version":[{"id":19887,"href":"https:\/\/blogs.fu-berlin.de\/bibliotheken\/wp-json\/wp\/v2\/posts\/19720\/revisions\/19887"}],"wp:attachment":[{"href":"https:\/\/blogs.fu-berlin.de\/bibliotheken\/wp-json\/wp\/v2\/media?parent=19720"}],"wp:term":[{"taxonomy":"category","embeddable":true,"href":"https:\/\/blogs.fu-berlin.de\/bibliotheken\/wp-json\/wp\/v2\/categories?post=19720"},{"taxonomy":"post_tag","embeddable":true,"href":"https:\/\/blogs.fu-berlin.de\/bibliotheken\/wp-json\/wp\/v2\/tags?post=19720"}],"curies":[{"name":"wp","href":"https:\/\/api.w.org\/{rel}","templated":true}]}}