{"id":19729,"date":"2016-09-21T09:53:49","date_gmt":"2016-09-21T08:53:49","guid":{"rendered":"https:\/\/blogs.fu-berlin.de\/bibliotheken\/?p=19729"},"modified":"2016-09-23T15:57:26","modified_gmt":"2016-09-23T14:57:26","slug":"dahlemer-bibliotheken-schliessen-am-29-september-2016-bereits-um-18-uhr","status":"publish","type":"post","link":"https:\/\/blogs.fu-berlin.de\/bibliotheken\/2016\/09\/21\/dahlemer-bibliotheken-schliessen-am-29-september-2016-bereits-um-18-uhr\/","title":{"rendered":"Dahlemer Bibliotheken schlie\u00dfen am 29. September 2016 bereits um 18 Uhr"},"content":{"rendered":"<div class=\"editor-content \">\n<p>Aufgund von Umbauarbeiten an der Stromversorgung im FU-eigenen Spannungsnetz\u00a0 in Dahlem m\u00fcssen auch die Bibliotheken auf Anweisung der Technischen Abteilung der Freien Universit\u00e4t Berlin am Donnerstag den 29. September fr\u00fcher schlie\u00dfen. Die Einrichtungen in D\u00fcppel und Lankwitz sind nicht betroffen.<\/p>\n<p><strong>Datum: Donnerstag 29. September 2016<br \/>\nSchlie\u00dfung: um 18 Uhr<\/strong><\/p>\n<hr \/>\n<p>Wir bitten um Verst\u00e4ndnis!<br \/>\nIhre Universit\u00e4tsbibliothek<\/p>\n<\/div>\n","protected":false},"excerpt":{"rendered":"<p>Aufgund von Umbauarbeiten an der Stromversorgung im FU-eigenen Spannungsnetz\u00a0 in Dahlem m\u00fcssen auch die Bibliotheken auf Anweisung der Technischen Abteilung der Freien Universit\u00e4t Berlin am Donnerstag den 29. September fr\u00fcher schlie\u00dfen. Die Einrichtungen in D\u00fcppel und Lankwitz sind nicht betroffen. Datum: Donnerstag 29. September 2016 Schlie\u00dfung: um 18 Uhr Wir bitten um Verst\u00e4ndnis! Ihre Universit\u00e4tsbibliothek<\/p>\n","protected":false},"author":265,"featured_media":0,"comment_status":"open","ping_status":"open","sticky":false,"template":"","format":"standard","meta":{"footnotes":""},"categories":[600,601],"tags":[],"class_list":["post-19729","post","type-post","status-publish","format-standard","hentry","category-fachbibliotheken","category-universitatsbibliothek"],"_links":{"self":[{"href":"https:\/\/blogs.fu-berlin.de\/bibliotheken\/wp-json\/wp\/v2\/posts\/19729","targetHints":{"allow":["GET"]}}],"collection":[{"href":"https:\/\/blogs.fu-berlin.de\/bibliotheken\/wp-json\/wp\/v2\/posts"}],"about":[{"href":"https:\/\/blogs.fu-berlin.de\/bibliotheken\/wp-json\/wp\/v2\/types\/post"}],"author":[{"embeddable":true,"href":"https:\/\/blogs.fu-berlin.de\/bibliotheken\/wp-json\/wp\/v2\/users\/265"}],"replies":[{"embeddable":true,"href":"https:\/\/blogs.fu-berlin.de\/bibliotheken\/wp-json\/wp\/v2\/comments?post=19729"}],"version-history":[{"count":3,"href":"https:\/\/blogs.fu-berlin.de\/bibliotheken\/wp-json\/wp\/v2\/posts\/19729\/revisions"}],"predecessor-version":[{"id":19752,"href":"https:\/\/blogs.fu-berlin.de\/bibliotheken\/wp-json\/wp\/v2\/posts\/19729\/revisions\/19752"}],"wp:attachment":[{"href":"https:\/\/blogs.fu-berlin.de\/bibliotheken\/wp-json\/wp\/v2\/media?parent=19729"}],"wp:term":[{"taxonomy":"category","embeddable":true,"href":"https:\/\/blogs.fu-berlin.de\/bibliotheken\/wp-json\/wp\/v2\/categories?post=19729"},{"taxonomy":"post_tag","embeddable":true,"href":"https:\/\/blogs.fu-berlin.de\/bibliotheken\/wp-json\/wp\/v2\/tags?post=19729"}],"curies":[{"name":"wp","href":"https:\/\/api.w.org\/{rel}","templated":true}]}}