{"id":19744,"date":"2016-09-23T09:00:58","date_gmt":"2016-09-23T08:00:58","guid":{"rendered":"https:\/\/blogs.fu-berlin.de\/bibliotheken\/?p=19744"},"modified":"2021-09-16T10:42:16","modified_gmt":"2021-09-16T09:42:16","slug":"podiumsdiskussion-im-europaeischen-informationszentrum-berlin","status":"publish","type":"post","link":"https:\/\/blogs.fu-berlin.de\/bibliotheken\/2016\/09\/23\/podiumsdiskussion-im-europaeischen-informationszentrum-berlin\/","title":{"rendered":"Podiumsdiskussion im Europ\u00e4ischen Informationszentrum Berlin"},"content":{"rendered":"\n<p><em><span class=\"has-inline-color has-bright-red-color\">Der Betrieb des \u201eDokumentationszentrums UN \u2013 EU\u201c wird eingestellt. Die entsprechende Literatur bleibt im Bestand und ist weiterhin zug\u00e4nglich.<\/span><\/em><\/p>\n\n\n<p>Am 27.09. findet im Rahmen des Projektes &#8222;Zukunftsdialog&#8220; der Deutschen Gesellschaft e.V. im Europ\u00e4ischen Informationszentrums Jean Monnet Berlin eine Podiumsdiskussion zum Thema <strong>&#8222;Deutschland ist bunt &#8211; Integration als Auftrag&#8220; <\/strong>statt. Dort werden der Autor und Gewinner des <a href=\"https:\/\/www.fu-berlin.de\/presse\/informationen\/fup\/2016\/fup_16_046-berliner-literaturpreis-heiner-mueller-gastprofessur-stiftung-preussische-seehandlung-zaimoglu\/index.html\">Berliner Literaturpreis 2016 der Stiftung Seebuchhandlung<\/a>, Feridun Zaimo\u011flu und der SPD-Politiker und Mitglied des Bundestages Sebastian Hartman mit Karen Taylor, Mitglied bei der &#8218;Initiative Schwarzer Menschen in Deutschland&#8216; \u00fcber die Chancen der Migrationsgesellschaft f\u00fcr die Bundesrepublik diskutieren. Es stehen auch die integrationspolitischen Herausforderungen f\u00fcr Deutschland in der aktuellen Fl\u00fcchtlingssituation auf dem Themenblatt. Die Moderation \u00fcbernimmt die freite <em>taz<\/em>-Redakteurin Ebru Tasdemir.<\/p>\n<p><!-- Internet Explorer fix, forces IE8 into newest possible rendering engine even if it's on an intranet. This has to be defined before any script\/style tags. --> <!-- [if lt IE 7]&gt;&lt;![endif]--><!-- IE6 workaround CSS\/JS --><\/p>\n<p><!-- Disable IE6 image toolbar --><\/p>\n<div id=\"visual-portal-wrapper\">\n<div id=\"portal-columns\">\n<div id=\"portal-column-content\" class=\"sl sr\">\n<div id=\"portal-content-wrapper\">\n<div>\n<div id=\"region-content\" class=\"documentContent\">\n<div id=\"content\">\n<div id=\"parent-fieldname-text\">\n<p>Ort:&nbsp;&nbsp;&nbsp;&nbsp; Europ\u00e4isches Informationszentrum, Vo\u00dfstra\u00dfe 22, 10117 Berlin (S+U Potsdamer Platz)<\/p>\n<p>Zeit:&nbsp;&nbsp;&nbsp; Dienstag, 27. September 2016, Beginn 18:30 Uhr<\/p>\n<p>Der Eintritt ist frei, eine Anmeldung ist erforderlich.<\/p>\n<p>Mehr Informationen zu der Veranstaltung gibt es <a href=\"https:\/\/www.eu-infozentrum-berlin.de\/veranstaltungen\/aktuelle-projekte\/zukunftsdialog-deutschland-ist-bunt-integration-als-auftrag\">hier<\/a>. Die Veranstaltung ist auch bei <a href=\"https:\/\/www.facebook.com\/events\/1470545152972047\/\">Facebook<\/a> zu finden.<\/p>\n<\/div>\n<p>&nbsp;<\/p>\n<\/div>\n<\/div>\n<\/div>\n<\/div>\n<\/div>\n<\/div>\n<\/div>\n<p>Noch mehr Informationen zur EU bekommen Sie in unserem <a href=\"https:\/\/www.fu-berlin.de\/sites\/ub\/ueber-uns\/un-eu\/index.html\">Dokumentationszentrum&nbsp;UN-EU<\/a>.<\/p>\n<p>&nbsp;<\/p>\n<p><!-- Internet Explorer fix, forces IE8 into newest possible rendering engine even if it's on an intranet. This has to be defined before any script\/style tags. --> <!-- [if lt IE 7]&gt;&lt;![endif]--><!-- IE6 workaround CSS\/JS --> <!-- [if lte IE 7]&gt;--><\/p>\n<p><!-- Disable IE6 image toolbar --><\/p>\n<p>&nbsp;<\/p>\n<div id=\"visual-portal-wrapper\"><\/div>","protected":false},"excerpt":{"rendered":"<p>Der Betrieb des \u201eDokumentationszentrums UN \u2013 EU\u201c wird eingestellt. Die entsprechende Literatur bleibt im Bestand und ist weiterhin zug\u00e4nglich. Am 27.09. findet im Rahmen des Projektes &#8222;Zukunftsdialog&#8220; der Deutschen Gesellschaft e.V. im Europ\u00e4ischen Informationszentrums Jean Monnet Berlin eine Podiumsdiskussion zum Thema &#8222;Deutschland ist bunt &#8211; Integration als Auftrag&#8220; statt. Dort werden der Autor und Gewinner &hellip; <a href=\"https:\/\/blogs.fu-berlin.de\/bibliotheken\/2016\/09\/23\/podiumsdiskussion-im-europaeischen-informationszentrum-berlin\/\" class=\"more-link\"><span class=\"screen-reader-text\">\u201ePodiumsdiskussion im Europ\u00e4ischen Informationszentrum Berlin\u201c<\/span> weiterlesen<\/a><\/p>\n","protected":false},"author":343,"featured_media":0,"comment_status":"open","ping_status":"open","sticky":false,"template":"","format":"standard","meta":{"footnotes":""},"categories":[604,70],"tags":[2458,1977],"class_list":["post-19744","post","type-post","status-publish","format-standard","hentry","category-ins-netz-geschaut","category-veranstaltungen","tag-dokumentationszentrum-un-eu","tag-europaische-union"],"_links":{"self":[{"href":"https:\/\/blogs.fu-berlin.de\/bibliotheken\/wp-json\/wp\/v2\/posts\/19744","targetHints":{"allow":["GET"]}}],"collection":[{"href":"https:\/\/blogs.fu-berlin.de\/bibliotheken\/wp-json\/wp\/v2\/posts"}],"about":[{"href":"https:\/\/blogs.fu-berlin.de\/bibliotheken\/wp-json\/wp\/v2\/types\/post"}],"author":[{"embeddable":true,"href":"https:\/\/blogs.fu-berlin.de\/bibliotheken\/wp-json\/wp\/v2\/users\/343"}],"replies":[{"embeddable":true,"href":"https:\/\/blogs.fu-berlin.de\/bibliotheken\/wp-json\/wp\/v2\/comments?post=19744"}],"version-history":[{"count":7,"href":"https:\/\/blogs.fu-berlin.de\/bibliotheken\/wp-json\/wp\/v2\/posts\/19744\/revisions"}],"predecessor-version":[{"id":29471,"href":"https:\/\/blogs.fu-berlin.de\/bibliotheken\/wp-json\/wp\/v2\/posts\/19744\/revisions\/29471"}],"wp:attachment":[{"href":"https:\/\/blogs.fu-berlin.de\/bibliotheken\/wp-json\/wp\/v2\/media?parent=19744"}],"wp:term":[{"taxonomy":"category","embeddable":true,"href":"https:\/\/blogs.fu-berlin.de\/bibliotheken\/wp-json\/wp\/v2\/categories?post=19744"},{"taxonomy":"post_tag","embeddable":true,"href":"https:\/\/blogs.fu-berlin.de\/bibliotheken\/wp-json\/wp\/v2\/tags?post=19744"}],"curies":[{"name":"wp","href":"https:\/\/api.w.org\/{rel}","templated":true}]}}