{"id":19759,"date":"2016-09-26T11:00:33","date_gmt":"2016-09-26T10:00:33","guid":{"rendered":"https:\/\/blogs.fu-berlin.de\/bibliotheken\/?p=19759"},"modified":"2021-09-17T12:57:58","modified_gmt":"2021-09-17T11:57:58","slug":"internationale-politik-kennenlernen","status":"publish","type":"post","link":"https:\/\/blogs.fu-berlin.de\/bibliotheken\/2016\/09\/26\/internationale-politik-kennenlernen\/","title":{"rendered":"Internationale Politik kennenlernen"},"content":{"rendered":"\n<p><em><span class=\"has-inline-color has-bright-red-color\">Der Betrieb des \u201eDokumentationszentrums UN \u2013 EU\u201c wird eingestellt. Die entsprechende Literatur bleibt im Bestand und ist weiterhin zug\u00e4nglich.<\/span><\/em><\/p>\n\n\n<p>Junge Erwachsene im Alter von 16 bis 30 Jahren aus Deutschland und anderen europ\u00e4ischen L\u00e4ndern haben die M\u00f6glichkeit vom 25. bis 27. November an der Jugendkonferenz der Deutschen Gesellschaft f\u00fcr die Vereinten Nationen e.V. &#8222;<a href=\"https:\/\/up2youth.de\/\">It&#8217;s up to YOUth<\/a>&#8220; in Bonn teilzunehmen.<\/p>\n<p>Bis zu 200 Teilnehmer k\u00f6nnen am offenen Programm oder an den Zukunftswerkst\u00e4tten teilnehmen. Beides orientiert sich an den vier Themen &#8222;Peace &amp; Justice&#8220;,&#8220;Work &amp; Network&#8220;,&#8220;Equality &amp; Inequality&#8220; sowie &#8222;Sustainability &amp; Environment\u201d.<\/p>\n<p>In den Zukunftswerkst\u00e4tten k\u00f6nnen die Teilnehmenden ihre Ideen f\u00fcr Positionspapiere oder Projekte entwickeln, beim offenen Programm Vortr\u00e4gen lauschen oder sich mit anwesenden Kooperationspartnern (NGO&#8217;s, Initiativen und VertreterInnen der Vereinten Nationen) oder anderen Teilnehmenden austauschen.<\/p>\n<p>Alles weiter zu Teilnahme und Unterkunft sowie ausf\u00fchrliche Informationen zu Programm und Ablauf finden sich <a href=\"https:\/\/up2youth.de\/\">hier<\/a>. Anmeldefrist ist der 01.10.2016.<\/p>\n<p>&nbsp;<\/p>\n<p>Noch mehr Informationen zur UN bekommen Sie in unserem <a href=\"https:\/\/www.fu-berlin.de\/sites\/ub\/ueber-uns\/un-eu\/index.html\">Dokumentationszentrum&nbsp;UN-EU<\/a>.<\/p>","protected":false},"excerpt":{"rendered":"<p>Der Betrieb des \u201eDokumentationszentrums UN \u2013 EU\u201c wird eingestellt. Die entsprechende Literatur bleibt im Bestand und ist weiterhin zug\u00e4nglich. Junge Erwachsene im Alter von 16 bis 30 Jahren aus Deutschland und anderen europ\u00e4ischen L\u00e4ndern haben die M\u00f6glichkeit vom 25. bis 27. November an der Jugendkonferenz der Deutschen Gesellschaft f\u00fcr die Vereinten Nationen e.V. &#8222;It&#8217;s up &hellip; <a href=\"https:\/\/blogs.fu-berlin.de\/bibliotheken\/2016\/09\/26\/internationale-politik-kennenlernen\/\" class=\"more-link\"><span class=\"screen-reader-text\">\u201eInternationale Politik kennenlernen\u201c<\/span> weiterlesen<\/a><\/p>\n","protected":false},"author":343,"featured_media":0,"comment_status":"open","ping_status":"open","sticky":false,"template":"","format":"standard","meta":{"footnotes":""},"categories":[604,70],"tags":[57511,2458,12086],"class_list":["post-19759","post","type-post","status-publish","format-standard","hentry","category-ins-netz-geschaut","category-veranstaltungen","tag-deutsche-gesellschaft-fuer-die-vereinten-nationen-e-v","tag-dokumentationszentrum-un-eu","tag-vereinte-nationen"],"_links":{"self":[{"href":"https:\/\/blogs.fu-berlin.de\/bibliotheken\/wp-json\/wp\/v2\/posts\/19759","targetHints":{"allow":["GET"]}}],"collection":[{"href":"https:\/\/blogs.fu-berlin.de\/bibliotheken\/wp-json\/wp\/v2\/posts"}],"about":[{"href":"https:\/\/blogs.fu-berlin.de\/bibliotheken\/wp-json\/wp\/v2\/types\/post"}],"author":[{"embeddable":true,"href":"https:\/\/blogs.fu-berlin.de\/bibliotheken\/wp-json\/wp\/v2\/users\/343"}],"replies":[{"embeddable":true,"href":"https:\/\/blogs.fu-berlin.de\/bibliotheken\/wp-json\/wp\/v2\/comments?post=19759"}],"version-history":[{"count":4,"href":"https:\/\/blogs.fu-berlin.de\/bibliotheken\/wp-json\/wp\/v2\/posts\/19759\/revisions"}],"predecessor-version":[{"id":29711,"href":"https:\/\/blogs.fu-berlin.de\/bibliotheken\/wp-json\/wp\/v2\/posts\/19759\/revisions\/29711"}],"wp:attachment":[{"href":"https:\/\/blogs.fu-berlin.de\/bibliotheken\/wp-json\/wp\/v2\/media?parent=19759"}],"wp:term":[{"taxonomy":"category","embeddable":true,"href":"https:\/\/blogs.fu-berlin.de\/bibliotheken\/wp-json\/wp\/v2\/categories?post=19759"},{"taxonomy":"post_tag","embeddable":true,"href":"https:\/\/blogs.fu-berlin.de\/bibliotheken\/wp-json\/wp\/v2\/tags?post=19759"}],"curies":[{"name":"wp","href":"https:\/\/api.w.org\/{rel}","templated":true}]}}