{"id":19763,"date":"2016-09-28T08:00:13","date_gmt":"2016-09-28T07:00:13","guid":{"rendered":"https:\/\/blogs.fu-berlin.de\/bibliotheken\/?p=19763"},"modified":"2021-09-17T12:57:40","modified_gmt":"2021-09-17T11:57:40","slug":"tag-der-informationsfreiheit","status":"publish","type":"post","link":"https:\/\/blogs.fu-berlin.de\/bibliotheken\/2016\/09\/28\/tag-der-informationsfreiheit\/","title":{"rendered":"Tag der Informationsfreiheit"},"content":{"rendered":"\n<p><em><span class=\"has-inline-color has-bright-red-color\">Der Betrieb des \u201eDokumentationszentrums UN \u2013 EU\u201c wird eingestellt. Die entsprechende Literatur bleibt im Bestand und ist weiterhin zug\u00e4nglich.<\/span><\/em><\/p>\n\n\n<p>Seit 2002 wird jedes Jahr am heutigen 28. September der Internationale Tag der Informationsfreiheit gefeiert.<\/p>\n<p>Das Amt der Europ\u00e4ischen Union f\u00fcr Ver\u00f6ffentlichungen hat dazu in diesem Jahr in <a href=\"https:\/\/publications.europa.eu\/de\/newsletter\">seinem Newsletter<\/a> eine Zusammenstellung von Initiativen, Produkten und Publikationen zum Thema ver\u00f6ffentlicht:<\/p>\n<p><!-- Facebook tags --> <!-- End of Facebook tags --> <!-- custom_full_results_header_info.jsp begin --> <!-- taglibsIncludeAll.jspf begin --> <!-- taglibsIncludeAll.jspf end --><!-- custom_tile_variables.jsp begin --> <!-- taglibsIncludeAll.jspf begin --> <!-- taglibsIncludeAll.jspf end --><!-- custom_tile_variables.jsp end --> <!-- advancedCssAdder.jsp begin --> <!-- taglibsIncludeAll.jspf begin --> <!-- taglibsIncludeAll.jspf end --><!-- cssAdder.jsp begin --> <!-- taglibsIncludeAll.jspf begin --> <!-- taglibsIncludeAll.jspf end --><!-- This is just for dev mode - it preserves old css behaviour to allow the customers to understand the css hierarchy --><!-- cssAdder.jsp end --><!-- advancedCssAdder.jsp end --><!-- end javascriptTextIncludes.jsp --><\/p>\n<div id=\"content\" class=\"EXLCustomLayoutContainer EXLContent EXLFullDisplay\">\n<div id=\"exlidResultsContainer\" class=\"EXLCustomLayoutContainer EXLResultsContainer\">\n<div id=\"resultsTileNoId\" class=\"EXLCustomLayoutContainer EXLResultsTile\">\n<div id=\"resultsListNoId\" class=\"EXLCustomLayoutTile EXLResultsList\">\n<div class=\"EXLSummary EXLResult\">\n<div class=\"EXLSummaryContainer\">\n<div class=\"EXLSummaryFields\">\n<div id=\"mainContainer\">\n<div id=\"mainContent\">\n<div id=\"content\">\n<div id=\"middleColumn\">\n<div class=\"pageTitle \">\n<div class=\"floatLeft\">\n<div id=\"wrapper\" class=\"container\">\n<div id=\"main-content\" class=\"OPPortalLayout search-results\">\n<section id=\"maincontentarea-bottom\" class=\"maincontentarea container-fluid-legacy container-fluid\">\n<div class=\"row-legacy portlet-column\">\n<div id=\"layout-column_top-content\" class=\"portlet-dropzone portlet-column-content\">\n<div id=\"p_p_id_56_INSTANCE_e2CV3CabrbXA_\" class=\"portlet-boundary portlet-boundary_56_ portlet-static portlet-static-end portlet-borderless portlet-journal-content col-sm-5 col-sm-offset-1\">\n<div class=\"portlet-borderless-container\">\n<div class=\"portlet-body\">\n<div class=\"journal-content-article\">\n<div id=\"mainContainer\">\n<div id=\"mainContent\">\n<div id=\"content\">\n<div id=\"middleColumn\">\n<div class=\"pageTitle \">\n<div class=\"floatLeft\">\n<div id=\"main-container\">\n<div id=\"body-container\">\n<div id=\"content\" class=\"triple\">\n<div id=\"publication\">\n<div id=\"description\">\n<ul>\n<li><a href=\"https:\/\/primo.kobv.de\/FUB:FUB_ML_KBKOB21637\">European Union Open Data Portal<\/a> &#8211; Dieses Portal bietet einen zentralen Einstiegspunkt zu Daten der Institutionen der EU.<\/li>\n<\/ul>\n<p>&nbsp;<\/p>\n<ul>\n<li><a href=\"https:\/\/eur-lex.europa.eu\/browse\/summaries.html\">Zusammenfassungen der EU-Gesetzgebung<\/a> &#8211; F\u00fcr ein breites Publikum aufbereitete Aspekte der europ\u00e4ischen Gesetzgebung.<\/li>\n<\/ul>\n<p>&nbsp;<\/p>\n<ul>\n<li><a href=\"https:\/\/PublicAccess.eu\">PublicAccess.eu<\/a> &#8211; Dieses Pilotprojekt ist seit 2014 online und bietet einen Zugang zu nicht klassifizierten EU-Dokumenten.<\/li>\n<\/ul>\n<p>&nbsp;<\/p>\n<ul>\n<li><a href=\"https:\/\/eur-lex.europa.eu\/collection\/eu-law\/consleg.html\">Konsolidierte Rechtsakte<\/a> &#8211; Ein Zugangspunkt \u00fcber EUR-Lex zu Rechtsakten, die sp\u00e4ter noch ge\u00e4ndert bzw. berichtigt wurden.<\/li>\n<\/ul>\n<p>&nbsp;<\/p>\n<ul>\n<li><a href=\"https:\/\/bookshop.europa.eu\/en\/openness-transparency-and-the-right-of-access-to-documents-in-the-eu-pbQA0416493\/\">Openness, transparency and the right of access to documents in the EU<\/a> &#8211; Eine Analyse, die die aktuelle Situation der Offenheit, Transparenz, Zugang zu Dokumenten und Informationen in der EU aufzeigt.<\/li>\n<\/ul>\n<p>&nbsp;<\/p>\n<ul>\n<li><a href=\"https:\/\/bookshop.europa.eu\/de\/jahresbericht-des-rates-ueber-den-zugang-zu-dokumenten-2014-pbQCAF15001\/issues\/?PublicationKey=QCAF15001&amp;EditionKey=QCAF15001ENC_PAPER&amp;CatalogCategoryID=luYKABst3IwAAAEjxJEY4e5L\">Jahresbericht des Rates \u00fcber den Zugang zu Dokumenten<\/a> &#8211; Dieser Bericht enth\u00e4lt Informationen \u00fcber das \u00f6ffentliche Register der Ratsdokumente<\/li>\n<\/ul>\n<p>&nbsp;<\/p>\n<ul>\n<li><a href=\"https:\/\/bookshop.europa.eu\/en\/comparative-study-on-access-to-documents-and-confidentiality-rules-in-international-trade-negotiations-pbQA0115313\/\">Comparative study on access to documents (and confidentiality rules) in international trade negotiations<\/a> &#8211; Eine Studie, die eine \u00dcberblick \u00fcber die Bestimmungen zur Informationsfreiheit bei Wirtschaftsverhandlungen der EU und einiger nicht-EU-Staten.<\/li>\n<\/ul>\n<p>&nbsp;<\/p>\n<ul>\n<li><a href=\"https:\/\/bookshop.europa.eu\/en\/perception-and-awareness-about-transparency-of-state-aid-pbKD0816001\/\">Perception and awareness about transparency of state aid &#8211; Activities of the institutions and bodies<\/a> &#8211; Diese Eurobarometer -Umfrage untersucht das Bewusstsein der EU-B\u00fcrger \u00fcber staatliche Beihilfen sowie ihre Vorstellungen \u00fcber die Transparenz der Informationen in diesem Bereich.<\/li>\n<\/ul>\n<p>&nbsp;<\/p>\n<ul>\n<li><a href=\"https:\/\/bookshop.europa.eu\/en\/access-to-and-preservation-of-scientific-information-in-europe-pbKI0215993\/?CatalogCategoryID=Gj0KABst5F4AAAEjsZAY4e5L\">Access to and preservation of scientific information in Europe &#8211; Research policy and organisation<\/a> &#8211; Dieser Bericht gibt einen \u00dcberblick \u00fcber den Zugang zu und Bewahrung von wissenschaftlichen Informationen in den EU-Mitgliedstaaten sowie in Norwegen und der T\u00fcrkei.<\/li>\n<\/ul>\n<p>&nbsp;<\/p>\n<ul>\n<li><a href=\"https:\/\/bookshop.europa.eu\/de\/transparenz-der-eu-verwaltung-pbQT3012767\/?CatalogCategoryID=x7MKABst6FoAAAEj9YcY4e5K\">Transparenz der EU-Verwaltung<\/a> &#8211; Dieses Informationsblatt bietet einen kurzen und einfachen \u00dcberblick dar\u00fcber, wie EU-B\u00fcrger Zugang zu welchen Dokumenten der Institutionen der EU bekommen.<\/li>\n<\/ul>\n<p>&nbsp;<\/p>\n<\/div>\n<\/div>\n<\/div>\n<\/div>\n<\/div>\n<p class=\"EXLResultTitle\">\n<\/p><\/div>\n<\/div>\n<\/div>\n<\/div>\n<\/div>\n<\/div>\n<\/div>\n<\/div>\n<\/div>\n<\/div>\n<\/div>\n<\/div>\n<\/section>\n<\/div>\n<\/div>\n<\/div>\n<\/div>\n<\/div>\n<\/div>\n<\/div>\n<\/div>\n<\/div>\n<\/div>\n<\/div>\n<\/div>\n<\/div>\n<\/div>\n<\/div>\n<p>Etwas, was in diesem Zusammenhang auf jeden Fall genannt werden sollte ist die Seite <a href=\"https:\/\/fragdenstaat.de\/\">FragDenStaat.de<\/a>. Hier k\u00f6nnen B\u00fcrger Beh\u00f6rden in Deutschland nach Informationen und Dokumenten fragen. Auch k\u00f6nnen dort bisher gestellte Anfragen und deren Antworten eingesehen werden. Wir hatten bereits \u00fcber das \u00e4hnliche Projekt <a href=\"https:\/\/blogs.fu-berlin.de\/bibliotheken\/2016\/03\/17\/einfach-informationen-von-der-eu-erhalten\/\">AskTheEU berichtet<\/a>.<\/p>\n<p>&nbsp;<\/p>\n<p>Noch mehr Informationen zur UN und EU bekommen Sie in unserem <a href=\"https:\/\/www.fu-berlin.de\/sites\/ub\/ueber-uns\/un-eu\/index.html\">Dokumentationszentrum&nbsp;UN-EU<\/a>.<\/p>\n<p>&nbsp;<\/p>\n<p>&nbsp;<\/p>\n<p>&nbsp;<\/p>","protected":false},"excerpt":{"rendered":"<p>Der Betrieb des \u201eDokumentationszentrums UN \u2013 EU\u201c wird eingestellt. Die entsprechende Literatur bleibt im Bestand und ist weiterhin zug\u00e4nglich. Seit 2002 wird jedes Jahr am heutigen 28. September der Internationale Tag der Informationsfreiheit gefeiert. Das Amt der Europ\u00e4ischen Union f\u00fcr Ver\u00f6ffentlichungen hat dazu in diesem Jahr in seinem Newsletter eine Zusammenstellung von Initiativen, Produkten und &hellip; <a href=\"https:\/\/blogs.fu-berlin.de\/bibliotheken\/2016\/09\/28\/tag-der-informationsfreiheit\/\" class=\"more-link\"><span class=\"screen-reader-text\">\u201eTag der Informationsfreiheit\u201c<\/span> weiterlesen<\/a><\/p>\n","protected":false},"author":343,"featured_media":0,"comment_status":"open","ping_status":"open","sticky":false,"template":"","format":"standard","meta":{"footnotes":""},"categories":[604],"tags":[2458,1977,57517,12086],"class_list":["post-19763","post","type-post","status-publish","format-standard","hentry","category-ins-netz-geschaut","tag-dokumentationszentrum-un-eu","tag-europaische-union","tag-informationsfreiheit","tag-vereinte-nationen"],"_links":{"self":[{"href":"https:\/\/blogs.fu-berlin.de\/bibliotheken\/wp-json\/wp\/v2\/posts\/19763","targetHints":{"allow":["GET"]}}],"collection":[{"href":"https:\/\/blogs.fu-berlin.de\/bibliotheken\/wp-json\/wp\/v2\/posts"}],"about":[{"href":"https:\/\/blogs.fu-berlin.de\/bibliotheken\/wp-json\/wp\/v2\/types\/post"}],"author":[{"embeddable":true,"href":"https:\/\/blogs.fu-berlin.de\/bibliotheken\/wp-json\/wp\/v2\/users\/343"}],"replies":[{"embeddable":true,"href":"https:\/\/blogs.fu-berlin.de\/bibliotheken\/wp-json\/wp\/v2\/comments?post=19763"}],"version-history":[{"count":13,"href":"https:\/\/blogs.fu-berlin.de\/bibliotheken\/wp-json\/wp\/v2\/posts\/19763\/revisions"}],"predecessor-version":[{"id":29709,"href":"https:\/\/blogs.fu-berlin.de\/bibliotheken\/wp-json\/wp\/v2\/posts\/19763\/revisions\/29709"}],"wp:attachment":[{"href":"https:\/\/blogs.fu-berlin.de\/bibliotheken\/wp-json\/wp\/v2\/media?parent=19763"}],"wp:term":[{"taxonomy":"category","embeddable":true,"href":"https:\/\/blogs.fu-berlin.de\/bibliotheken\/wp-json\/wp\/v2\/categories?post=19763"},{"taxonomy":"post_tag","embeddable":true,"href":"https:\/\/blogs.fu-berlin.de\/bibliotheken\/wp-json\/wp\/v2\/tags?post=19763"}],"curies":[{"name":"wp","href":"https:\/\/api.w.org\/{rel}","templated":true}]}}