{"id":19811,"date":"2016-10-11T08:00:15","date_gmt":"2016-10-11T07:00:15","guid":{"rendered":"https:\/\/blogs.fu-berlin.de\/bibliotheken\/?p=19811"},"modified":"2021-09-17T12:57:19","modified_gmt":"2021-09-17T11:57:19","slug":"oktober-ist-cybersecmonth","status":"publish","type":"post","link":"https:\/\/blogs.fu-berlin.de\/bibliotheken\/2016\/10\/11\/oktober-ist-cybersecmonth\/","title":{"rendered":"Oktober ist CyberSecMonth"},"content":{"rendered":"\n<p><em><span class=\"has-inline-color has-bright-red-color\">Der Betrieb des \u201eDokumentationszentrums UN \u2013 EU\u201c wird eingestellt. Die entsprechende Literatur bleibt im Bestand und ist weiterhin zug\u00e4nglich.<\/span><\/em><\/p>\n\n\n<p><figure id=\"attachment_19820\" aria-describedby=\"caption-attachment-19820\" style=\"width: 237px\" class=\"wp-caption alignright\"><img loading=\"lazy\" decoding=\"async\" class=\"wp-image-19820 size-medium\" src=\"https:\/\/blogs.fu-berlin.de\/bibliotheken\/files\/2016\/10\/DE_ECSM_logo-237x300.jpg\" alt=\"DE_ECSM_logo\" width=\"237\" height=\"300\" srcset=\"https:\/\/blogs.fu-berlin.de\/bibliotheken\/files\/2016\/10\/DE_ECSM_logo-237x300.jpg 237w, https:\/\/blogs.fu-berlin.de\/bibliotheken\/files\/2016\/10\/DE_ECSM_logo-768x972.jpg 768w, https:\/\/blogs.fu-berlin.de\/bibliotheken\/files\/2016\/10\/DE_ECSM_logo.jpg 789w\" sizes=\"auto, (max-width: 237px) 85vw, 237px\" \/><figcaption id=\"caption-attachment-19820\" class=\"wp-caption-text\">Quelle: cybersecuritymonth.eu<\/figcaption><\/figure><\/p>\n<p>Unterst\u00fctzt durch die Europ\u00e4ische Kommission und <a href=\"https:\/\/www.enisa.europa.eu\/\">ENISA<\/a> (European Union Agency f\u00fcr Network and Information Security) und in Zusammenarbeit mit einer Vielzahl von Partnern wird j\u00e4hrlich der Monat Oktober zum Europ\u00e4ischen Monat der Cybersicherheit (Engl.: Cyber Security Month) erkl\u00e4rt.<\/p>\n<p>Dadurch soll das Bewusstsein f\u00fcr die Bedrohungen der Cyber-Sicherheit erh\u00f6ht und die Cyber-Sicherheit der B\u00fcrger gef\u00f6rdert werden.<\/p>\n<p>Im Rahmen dessen k\u00f6nnen Menschen an echten Veranstaltungen oder an einer Vielzahl Webinaren teilnehmen, die sich um das Thema Internet- und Netzwerksicherheit drehen.<\/p>\n<p>Parallel dazu k\u00f6nnen Sch\u00fcler und Studenten an der <a href=\"https:\/\/www.europeancybersecuritychallenge.eu\/\">European Cyber Security Challenge<\/a> teilnehmen und sich in nationalen Ausscheiden f\u00fcr ein internationales Finale qualifizieren. F\u00fcr dieses Jahr stehen die Finalisten bereits fest. Deutschland konnte sich f\u00fcr die Endrunde qualifizieren und wird im Finale gegen 9 Mitbewerberstaaten k\u00e4mpfen. Dieser Wettbewerb findet dieses Jahr D\u00fcsseldorf vom 7. bis 10 November statt.<\/p>\n<p>Alles \u00fcber die Hintergr\u00fcnde und die Veranstaltungen zum Thema kann auf der <a href=\"https:\/\/cybersecuritymonth.eu\/\">Website des&nbsp;<\/a><a href=\"https:\/\/cybersecuritymonth.eu\/\">Europ\u00e4ischen Monats der Cybersicherheit<\/a> nachgelesen werden.<\/p>\n<p>&nbsp;<\/p>\n<p>Noch mehr Informationen zur EU bekommen Sie in unserem <a href=\"https:\/\/www.ub.fu-berlin.de\/bibliothek\/uneu\/\">Dokumentationszentrum&nbsp;UN-EU<\/a>.<\/p>","protected":false},"excerpt":{"rendered":"<p>Der Betrieb des \u201eDokumentationszentrums UN \u2013 EU\u201c wird eingestellt. Die entsprechende Literatur bleibt im Bestand und ist weiterhin zug\u00e4nglich. Unterst\u00fctzt durch die Europ\u00e4ische Kommission und ENISA (European Union Agency f\u00fcr Network and Information Security) und in Zusammenarbeit mit einer Vielzahl von Partnern wird j\u00e4hrlich der Monat Oktober zum Europ\u00e4ischen Monat der Cybersicherheit (Engl.: Cyber Security &hellip; <a href=\"https:\/\/blogs.fu-berlin.de\/bibliotheken\/2016\/10\/11\/oktober-ist-cybersecmonth\/\" class=\"more-link\"><span class=\"screen-reader-text\">\u201eOktober ist CyberSecMonth\u201c<\/span> weiterlesen<\/a><\/p>\n","protected":false},"author":343,"featured_media":0,"comment_status":"open","ping_status":"open","sticky":false,"template":"","format":"standard","meta":{"footnotes":""},"categories":[604],"tags":[2458,56945,1977,539,46935],"class_list":["post-19811","post","type-post","status-publish","format-standard","hentry","category-ins-netz-geschaut","tag-dokumentationszentrum-un-eu","tag-europaeische-kommission","tag-europaische-union","tag-internet","tag-sicherheit"],"_links":{"self":[{"href":"https:\/\/blogs.fu-berlin.de\/bibliotheken\/wp-json\/wp\/v2\/posts\/19811","targetHints":{"allow":["GET"]}}],"collection":[{"href":"https:\/\/blogs.fu-berlin.de\/bibliotheken\/wp-json\/wp\/v2\/posts"}],"about":[{"href":"https:\/\/blogs.fu-berlin.de\/bibliotheken\/wp-json\/wp\/v2\/types\/post"}],"author":[{"embeddable":true,"href":"https:\/\/blogs.fu-berlin.de\/bibliotheken\/wp-json\/wp\/v2\/users\/343"}],"replies":[{"embeddable":true,"href":"https:\/\/blogs.fu-berlin.de\/bibliotheken\/wp-json\/wp\/v2\/comments?post=19811"}],"version-history":[{"count":6,"href":"https:\/\/blogs.fu-berlin.de\/bibliotheken\/wp-json\/wp\/v2\/posts\/19811\/revisions"}],"predecessor-version":[{"id":29707,"href":"https:\/\/blogs.fu-berlin.de\/bibliotheken\/wp-json\/wp\/v2\/posts\/19811\/revisions\/29707"}],"wp:attachment":[{"href":"https:\/\/blogs.fu-berlin.de\/bibliotheken\/wp-json\/wp\/v2\/media?parent=19811"}],"wp:term":[{"taxonomy":"category","embeddable":true,"href":"https:\/\/blogs.fu-berlin.de\/bibliotheken\/wp-json\/wp\/v2\/categories?post=19811"},{"taxonomy":"post_tag","embeddable":true,"href":"https:\/\/blogs.fu-berlin.de\/bibliotheken\/wp-json\/wp\/v2\/tags?post=19811"}],"curies":[{"name":"wp","href":"https:\/\/api.w.org\/{rel}","templated":true}]}}