{"id":19847,"date":"2016-10-17T16:48:45","date_gmt":"2016-10-17T15:48:45","guid":{"rendered":"https:\/\/blogs.fu-berlin.de\/bibliotheken\/?p=19847"},"modified":"2016-10-18T09:05:21","modified_gmt":"2016-10-18T08:05:21","slug":"ausstellung-in-der-silberlaube-anlaesslich-der-open-access-week","status":"publish","type":"post","link":"https:\/\/blogs.fu-berlin.de\/bibliotheken\/2016\/10\/17\/ausstellung-in-der-silberlaube-anlaesslich-der-open-access-week\/","title":{"rendered":"Ausstellung in der Silberlaube anl\u00e4\u00dflich der Open Access Week"},"content":{"rendered":"<p><img loading=\"lazy\" decoding=\"async\" class=\"alignright size-medium wp-image-19849\" src=\"https:\/\/blogs.fu-berlin.de\/bibliotheken\/files\/2016\/10\/RS37_A0_OpenAccess-Week-2016_CMYK-lpr-212x300.gif\" alt=\"RS37_A0_OpenAccess-Week-2016_CMYK-lpr\" width=\"212\" height=\"300\" \/>Die Open Access Week ist seit neun Jahren die internationale dezentrale Veranstaltungswoche zum Thema Open Access. Sie findet in diesem Jahr vom 24.-30. Oktober statt.<\/p>\n<p>Weltweit nutzen Open-Access-Akteure diese Woche, um Informationen zu <a href=\"https:\/\/www.fu-berlin.de\/sites\/open_access\/index.html\" target=\"_blank\">Open Access<\/a> zu verbreiten, um auf neueste Entwicklungen aufmerksam zu machen und sich zu vernetzen.<\/p>\n<p>Die Universit\u00e4tsbibliothek (UB) ist einer der Akteure an der Freien Universit\u00e4t Berlin, die die Idee von barrierefreiem Zugang zu wissenschaftlichen Informationen f\u00f6rdern. Sie stellt ein entsprechendes Repositorium zur Verf\u00fcgung und verwaltet einen Publikationsfond, der WissenschaftlerInnen finanziell entlastet, wenn sie sich f\u00fcr die Ver\u00f6ffentlichung in einer Open-Access-Zeitschrift entscheiden. Auf der <a href=\"https:\/\/www.fu-berlin.de\/sites\/ub\/service\/open_access\/index.html\">UB-Homepage gibt es dazu weitere Informationen<\/a>.<\/p>\n<p>In diesem Jahr haben TU, FU und HU ein gemeinsames Projekt gestartet und eine Poster-Ausstellung erstellt. Es werden\u00a0 30 Poster gezeigt, auf denen Berliner und Brandenburger wissenschaftliche Einrichtungen ihre Open Access Aktivit\u00e4ten zeigen.<br \/>\nDie Ausstellung mit dem Titel\u00a0 &#8222;<em>Open in Action<\/em>&#8220; ist vom <strong>24.10. bis 28.10.2016<\/strong> in der Silberlaube der Freien Universit\u00e4t Berlin (Silberlaube, Habelschwerdter Allee 45, 14195 Berlin, Foyer vor dem H\u00f6rsaal 1b) zu sehen.<\/p>\n<p>Gleichzeitig wird sie auch in der Technische Universit\u00e4t (Universit\u00e4tsbibliothek, Fasanenstra\u00dfe 88, 10623 Berlin) und der Humboldt-Universit\u00e4t (Jacob-und-Wilhelm-Grimm-Zentrum, Geschwister-Scholl-Stra\u00dfe 1\/3, 10117) gezeigt.<\/p>\n<h2>Begleitveranstaltung: Open in Action &#8211; Praxisperspektiven<\/h2>\n<p>Am Mittwoch, den 26.10.16 sind alle Projektbeteiligten und interessierte Open-Access-Akteure eingeladen, sich zu einem offenen Wissenaustausch \u00fcber Open Access in Berlin und Brandenburg zu treffen.<\/p>\n<p>Er\u00f6ffnet wird der Abend durch ein Podiumsgespr\u00e4ch mit Vera Meyer (TU Berlin), Sebastian Nordhoff (Language Science Press) und Heinz Pampel (Helmholtz-Gemeinschaft), moderiert von Christina Riesenweber (FU Berlin).<br \/>\nAnschlie\u00dfend gibt es bei Getr\u00e4nken Gelegenheit f\u00fcr einen informellen Austausch.<\/p>\n<p>Wann: <strong>Mittwoch, 26.10.16, 19h<br \/>\n<\/strong>Wo: <strong>Wikimedia Deutschland e.V., Tempelhofer Ufer 23-24, 10963 Berlin<\/strong><\/p>\n<p>Die Veranstaltung ist \u00f6ffentlich, bei Interesse bitten wir Sie um Anmeldung unter <a href=\"https:\/\/webmail.zedat.fu-berlin.de\/src\/compose.php?send_to=open-access%40fu-berlin.de\">open-access@fu-berlin.de<\/a>, da die Anzahl der verf\u00fcgbaren Pl\u00e4tze begrenzt ist.<\/p>\n<p>&nbsp;<\/p>\n","protected":false},"excerpt":{"rendered":"<p>Die Open Access Week ist seit neun Jahren die internationale dezentrale Veranstaltungswoche zum Thema Open Access. Sie findet in diesem Jahr vom 24.-30. Oktober statt. Weltweit nutzen Open-Access-Akteure diese Woche, um Informationen zu Open Access zu verbreiten, um auf neueste Entwicklungen aufmerksam zu machen und sich zu vernetzen. Die Universit\u00e4tsbibliothek (UB) ist einer der Akteure &hellip; <a href=\"https:\/\/blogs.fu-berlin.de\/bibliotheken\/2016\/10\/17\/ausstellung-in-der-silberlaube-anlaesslich-der-open-access-week\/\" class=\"more-link\"><span class=\"screen-reader-text\">\u201eAusstellung in der Silberlaube anl\u00e4\u00dflich der Open Access Week\u201c<\/span> weiterlesen<\/a><\/p>\n","protected":false},"author":265,"featured_media":0,"comment_status":"open","ping_status":"open","sticky":false,"template":"","format":"standard","meta":{"footnotes":""},"categories":[9,601,70],"tags":[57526],"class_list":["post-19847","post","type-post","status-publish","format-standard","hentry","category-allgemein","category-universitatsbibliothek","category-veranstaltungen","tag-open-access-week-2016"],"_links":{"self":[{"href":"https:\/\/blogs.fu-berlin.de\/bibliotheken\/wp-json\/wp\/v2\/posts\/19847","targetHints":{"allow":["GET"]}}],"collection":[{"href":"https:\/\/blogs.fu-berlin.de\/bibliotheken\/wp-json\/wp\/v2\/posts"}],"about":[{"href":"https:\/\/blogs.fu-berlin.de\/bibliotheken\/wp-json\/wp\/v2\/types\/post"}],"author":[{"embeddable":true,"href":"https:\/\/blogs.fu-berlin.de\/bibliotheken\/wp-json\/wp\/v2\/users\/265"}],"replies":[{"embeddable":true,"href":"https:\/\/blogs.fu-berlin.de\/bibliotheken\/wp-json\/wp\/v2\/comments?post=19847"}],"version-history":[{"count":7,"href":"https:\/\/blogs.fu-berlin.de\/bibliotheken\/wp-json\/wp\/v2\/posts\/19847\/revisions"}],"predecessor-version":[{"id":19899,"href":"https:\/\/blogs.fu-berlin.de\/bibliotheken\/wp-json\/wp\/v2\/posts\/19847\/revisions\/19899"}],"wp:attachment":[{"href":"https:\/\/blogs.fu-berlin.de\/bibliotheken\/wp-json\/wp\/v2\/media?parent=19847"}],"wp:term":[{"taxonomy":"category","embeddable":true,"href":"https:\/\/blogs.fu-berlin.de\/bibliotheken\/wp-json\/wp\/v2\/categories?post=19847"},{"taxonomy":"post_tag","embeddable":true,"href":"https:\/\/blogs.fu-berlin.de\/bibliotheken\/wp-json\/wp\/v2\/tags?post=19847"}],"curies":[{"name":"wp","href":"https:\/\/api.w.org\/{rel}","templated":true}]}}