{"id":19875,"date":"2016-10-18T07:25:39","date_gmt":"2016-10-18T06:25:39","guid":{"rendered":"https:\/\/blogs.fu-berlin.de\/bibliotheken\/?p=19875"},"modified":"2016-10-24T12:33:45","modified_gmt":"2016-10-24T11:33:45","slug":"deutscher-buchpreis-an-bodo-kirchhoff","status":"publish","type":"post","link":"https:\/\/blogs.fu-berlin.de\/bibliotheken\/2016\/10\/18\/deutscher-buchpreis-an-bodo-kirchhoff\/","title":{"rendered":"Deutscher Buchpreis an Bodo Kirchhoff"},"content":{"rendered":"<p><a href=\"https:\/\/primo.kobv.de\/FUB:FUB_ALEPH005765133\"><img loading=\"lazy\" decoding=\"async\" class=\"size-medium wp-image-19884 alignright\" src=\"https:\/\/blogs.fu-berlin.de\/bibliotheken\/files\/2016\/10\/Kirchhoff_Widerfahrnis_Cover__PT-188x300.jpg\" alt=\"Kirchhoff_Widerfahrnis_Cover__PT\" width=\"188\" height=\"300\" srcset=\"https:\/\/blogs.fu-berlin.de\/bibliotheken\/files\/2016\/10\/Kirchhoff_Widerfahrnis_Cover__PT-188x300.jpg 188w, https:\/\/blogs.fu-berlin.de\/bibliotheken\/files\/2016\/10\/Kirchhoff_Widerfahrnis_Cover__PT.jpg 285w\" sizes=\"auto, (max-width: 188px) 85vw, 188px\" \/><\/a>Nachdem im Vorjahr Frank Witzel mit dem unglaublich langen Titel\u00a0<em><a href=\"https:\/\/primo.kobv.de\/FUB:FUB_ALEPH005257794\">Die Erfindung der Roten Armee Fraktion durch einen manisch-depressiven Teenager im Sommer 1969<\/a><\/em> siegreich war, geht der Deutsche Buchpreis 2016 an Bodo Kirchhoff. Seine Novelle <em><a href=\"https:\/\/primo.kobv.de\/FUB:FUB_ALEPH005765133\">Widerfahrnis<\/a><\/em> sei <a href=\"https:\/\/www.deutscher-buchpreis.de\/nominiert\/\">laut Jurybegr\u00fcndung<\/a> \u201eein vielschichtiger Text, der auf meisterhafte Weise existentielle Fragen des Privaten und des Politischen miteinander verwebt und den Leser ins Offene entl\u00e4sst.\u201c<\/p>\n<p>Das Werk handelt von einem Verleger im Ruhestand, der in den Alpen durch ein Buch in der lokalen Bibliothek die Bekanntschaft mit einer gleichaltrigen Autorin aus der Gegend macht, die zuletzt Besitzerin eines Hutgesch\u00e4fts war. Beide folgen einer \u201evagen Sehnsucht\u201c und machen sich spontan im Cabrio auf dem Weg nach Sizilien. Die m\u00f6gliche Chance auf eine unerwartete Liebe wird in den folgenden drei Tagen aber durch die Begegnung mit einem Fl\u00fcchtlingsm\u00e4dchen auf eine harte Probe gestellt. Beide entscheiden sich daf\u00fcr, das Kind mitzunehmen \u2026<\/p>\n<p>Der 1948 in Hamburg geborene und \u00fcberwiegend im Schwarzwald aufgewachsene Kirchhoff studierte in Frankfurt am Main P\u00e4dagogik, Psychologie und Soziologie. 1978 promovierte er mit einer Arbeit \u00fcber Jacques Lacan zum Dr. phil. Zur selben Zeit begann er die Arbeit als freier Schriftsteller und ver\u00f6ffentlichte Theaterst\u00fccke, Essays und Erz\u00e4hlungen. Einem breiten Publikum wurde Kirchhoff 1990 mit dem Bestseller-Roman <a href=\"https:\/\/primo.kobv.de\/FUB:FUB_ALEPH000095376\"><em>Infanta<\/em><\/a> bekannt. Die Liebesgeschichte zwischen einem Deutschen und einer Philippinin, beobachtet aus der Sicht von f\u00fcnf Missionaren, vereinte mit der exotischen Kulisse, dem Auftauchen von obsessiv-sexueller und emotionaler Liebe, gewaltsamen Tod, Mord oder Unfall drei Motivkomplexe, die sich in weiteren Werken wiederholen sollten (vgl. <a href=\"https:\/\/vs13.kobv.de\/V?portal=FUBERLIN&amp;institute=FUBERLIN&amp;func=find-db-1-title&amp;mode=titles&amp;azlist=N&amp;scan_utf=&amp;scan_start=munzinger&amp;search_type=contains&amp;restricted=all\">Portr\u00e4t bei Munzinger Online<\/a>). Kirchhoffs letzte Arbeiten spielen gr\u00f6\u00dftenteils in Italien, wo er auch die Sommermonate regelm\u00e4\u00dfig am Gardasee verbringt. 2002 sorgte sein <a href=\"https:\/\/primo.kobv.de\/FUB:FUB_ALEPH002300748\"><em>Schundroman<\/em><\/a> f\u00fcr Aufsehen, ein Schl\u00fcsselroman zum Literaturbetrieb, der zeitgleich mit Martin Walsers <a href=\"https:\/\/primo.kobv.de\/FUB:FUB_ALEPH002300701\"><em>Tod eines Kritikers<\/em><\/a> erschien. Als Hauptwerke in seinem Schaffen gelten die Romane <a href=\"https:\/\/primo.kobv.de\/FUB:FUB_ALEPH002216361\"><em>Parlando<\/em><\/a> (2001), der autobiographisch gef\u00e4rbte <a href=\"https:\/\/primo.kobv.de\/FUB:FUB_ALEPH003171757\"><em>Eros und Asche<\/em><\/a> (2007) sowie <a href=\"https:\/\/primo.kobv.de\/FUB:FUB_ALEPH004519159\"><em>Die Liebe in groben Z\u00fcgen<\/em><\/a> (2012), in dem sich auch ein \u00e4lteres Ehepaar auf der Suche nach der titelgebenden gro\u00dfen Liebe aufmacht. Als Drehbuchautor zeichnete Kirchhoff u. a. f\u00fcr mehrere <em>Tatort<\/em>-Folgen sowie den preisgekr\u00f6nten Spielfilm <em>Mein letzter Film<\/em> (2002) und die ARD-Krimiserie <em>Die Kommissarin<\/em>, jeweils mit Hannelore Elsner in der Hauptrolle, verantwortlich.<\/p>\n<p>Bodo Kirchhoff setzte sich im Finale gegen Reinhard Kaiser-M\u00fchlecker (<a href=\"https:\/\/primo.kobv.de\/FUB:FUB_ALEPH005762211\"><em>Fremde Seele, dunkler Wald<\/em><\/a>), Andr\u00e9 Kubiczek (<a href=\"https:\/\/primo.kobv.de\/FUB:FUB_ALEPH005734274\"><em>Skizze eines Sommers<\/em><\/a>), den fr\u00fcheren FU-Absolventen Thomas Melle (<a href=\"https:\/\/primo.kobv.de\/FUB:FUB_ALEPH005776056\"><em>Die Welt im R\u00fccken<\/em><\/a>), Eva Schmidt (<a href=\"https:\/\/primo.kobv.de\/FUB:FUB_ALEPH005779926\"><em>Ein langes Jahr<\/em><\/a>) und Philipp Winkler (<a href=\"https:\/\/primo.kobv.de\/FUB:FUB_ALEPH005774215\"><em>Hool<\/em><\/a>) durch.<br \/>\nAlle sechs auf der Shortlist vertretenen Titel sind auch im Bestand der <a href=\"https:\/\/www.fu-berlin.de\/sites\/philbib\/\">Philologischen Bibliothek<\/a> zu finden (teilweise schon vorgemerkt). Auch beinahe alle auf der <a href=\"https:\/\/blogs.fu-berlin.de\/bibliotheken\/2016\/08\/25\/longlist-zum-deutschen-buchpreis-2016-veroeffentlicht\/\">Longlist nominierten Romane<\/a> sind dort ausleihbar bzw. vormerkbar.<\/p>\n<p>Der Deutsche Buchpreis wird seit 2005 vom B\u00f6rsenverein des Deutschen Buchhandels kurz vor der Frankfurter Buchmesse verliehen. Die Auszeichnung gilt als deutsche Antwort auf den franz\u00f6sischen Prix Goncourt oder den britischen Booker Prize und ist mit 25.000 Euro f\u00fcr den Sieger dotiert. \u00dcber die Vergabe entscheidet eine j\u00e4hrlich wechselnde Jury. 2016 setzte sich diese u. a. aus den Literaturkritikern Thomas Andre (Hamburger Abendblatt), Lena Bopp (Frankfurter Allgemeine Zeitung), Christoph Schr\u00f6der, Sabine Vogel (Berliner Zeitung) und den Berliner Kritiker und Autor Najem Wali zusammen.<\/p>\n<p>Zwar ist die kostenfreie App mit Artikelanf\u00e4ngen seit 2014 pass\u00e9, aber \u00fcber <a href=\"https:\/\/detektor.fm\/themen\/deutscher-buchpreis\">detektor.fm<\/a> lassen sich kostenfrei Ausz\u00fcge aus den nominierten Romane anh\u00f6ren (auch als App verf\u00fcgbar).<\/p>\n","protected":false},"excerpt":{"rendered":"<p>Nachdem im Vorjahr Frank Witzel mit dem unglaublich langen Titel\u00a0Die Erfindung der Roten Armee Fraktion durch einen manisch-depressiven Teenager im Sommer 1969 siegreich war, geht der Deutsche Buchpreis 2016 an Bodo Kirchhoff. Seine Novelle Widerfahrnis sei laut Jurybegr\u00fcndung \u201eein vielschichtiger Text, der auf meisterhafte Weise existentielle Fragen des Privaten und des Politischen miteinander verwebt und &hellip; <a href=\"https:\/\/blogs.fu-berlin.de\/bibliotheken\/2016\/10\/18\/deutscher-buchpreis-an-bodo-kirchhoff\/\" class=\"more-link\"><span class=\"screen-reader-text\">\u201eDeutscher Buchpreis an Bodo Kirchhoff\u201c<\/span> weiterlesen<\/a><\/p>\n","protected":false},"author":293,"featured_media":0,"comment_status":"open","ping_status":"open","sticky":false,"template":"","format":"standard","meta":{"footnotes":""},"categories":[604,492],"tags":[57546,57543],"class_list":["post-19875","post","type-post","status-publish","format-standard","hentry","category-ins-netz-geschaut","category-literaturtipps","tag-bodo-kirchhoff","tag-deutscher-buchpreis"],"_links":{"self":[{"href":"https:\/\/blogs.fu-berlin.de\/bibliotheken\/wp-json\/wp\/v2\/posts\/19875","targetHints":{"allow":["GET"]}}],"collection":[{"href":"https:\/\/blogs.fu-berlin.de\/bibliotheken\/wp-json\/wp\/v2\/posts"}],"about":[{"href":"https:\/\/blogs.fu-berlin.de\/bibliotheken\/wp-json\/wp\/v2\/types\/post"}],"author":[{"embeddable":true,"href":"https:\/\/blogs.fu-berlin.de\/bibliotheken\/wp-json\/wp\/v2\/users\/293"}],"replies":[{"embeddable":true,"href":"https:\/\/blogs.fu-berlin.de\/bibliotheken\/wp-json\/wp\/v2\/comments?post=19875"}],"version-history":[{"count":12,"href":"https:\/\/blogs.fu-berlin.de\/bibliotheken\/wp-json\/wp\/v2\/posts\/19875\/revisions"}],"predecessor-version":[{"id":19891,"href":"https:\/\/blogs.fu-berlin.de\/bibliotheken\/wp-json\/wp\/v2\/posts\/19875\/revisions\/19891"}],"wp:attachment":[{"href":"https:\/\/blogs.fu-berlin.de\/bibliotheken\/wp-json\/wp\/v2\/media?parent=19875"}],"wp:term":[{"taxonomy":"category","embeddable":true,"href":"https:\/\/blogs.fu-berlin.de\/bibliotheken\/wp-json\/wp\/v2\/categories?post=19875"},{"taxonomy":"post_tag","embeddable":true,"href":"https:\/\/blogs.fu-berlin.de\/bibliotheken\/wp-json\/wp\/v2\/tags?post=19875"}],"curies":[{"name":"wp","href":"https:\/\/api.w.org\/{rel}","templated":true}]}}