{"id":1989,"date":"2009-07-13T08:49:36","date_gmt":"2009-07-13T07:49:36","guid":{"rendered":"https:\/\/blogs.fu-berlin.de\/bibliotheken\/?p=1989"},"modified":"2009-07-13T13:07:30","modified_gmt":"2009-07-13T12:07:30","slug":"bibliotheksmitarbeiterinnen-in-cottbus","status":"publish","type":"post","link":"https:\/\/blogs.fu-berlin.de\/bibliotheken\/2009\/07\/13\/bibliotheksmitarbeiterinnen-in-cottbus\/","title":{"rendered":"BibliotheksmitarbeiterInnen in Cottbus"},"content":{"rendered":"<p><img decoding=\"async\" src=\"https:\/\/www.ub.fu-berlin.de\/image\/neue_homepage\/intern\/cottbus3-kl.jpg\" align=\"right\">Ab und zu sollte man ja \u00fcber den eigenen Tellerrand schauen &#8230; genau das haben einige Mitarbeiterinnen und Mitarbeiter der Universit\u00e4tsbibliothek am 27.6.2009 getan und haben sich den Bibliotheksneubau der Brandenburgischen Technischen Universit\u00e4t (BTU) in Cottbus angesehen. Der Neubau, geplant von dem renommierten Schweizer Architektenb\u00fcro Jacques Herzog &amp; Pierre de Meuron, wurde 2005 er\u00f6ffnet und besticht durch moderne Formen und Farben. Von au\u00dfen mit runden Formen versehen, komplett mit einer Glasfassade ausgestattet auf die das Weltalphabet gepixelt ist, ist die Bibliothek mittlerweile ein Wahrzeichen von Cottbus geworden. <\/p>\n<p>Bibliothek kommt \u00fcbrigens im Namen nicht mehr vor:  IKMZ, nicht gerade eine sprechbare Abk\u00fcrzung, steht f\u00fcr Informations-, Kommunikations- und Medienzentrum und beherbergt au\u00dfer der Bibliothek auch das Medienzentrum und den E-Learningbereich. Organisatorisch geh\u00f6rt auch das Rechenzentrum dazu. <\/p>\n<p>Wirklich spektaku\u00e4r ist die Gestaltung der Bibliothek von innen &#8211; kaum zu glauben, dass sich eine Bibliothek, eine St\u00e4tte konzentrierten Lernens an solch poppige Farben heranwagt: Magenta, Rot, Neongr\u00fcn dominieren die W\u00e4nde und die sehr sch\u00f6n anzuschauende Wendeltreppe, die bis ins 6. Stockwerk f\u00fchrt.<\/p>\n<p>Nachfragen unsererseits haben denn auch ergeben, dass es Diskussionen zwischen Architekten und Bibliothekaren gegeben hat, bei denen sich oftmals die Architekten durchsetzen konnten.<\/p>\n<p>Und so gibt es durchaus das ein oder andere Problem. Die Farben gefallen nat\u00fcrlich nicht allen. Die durch die Treppe offene Bauweise mit Leses\u00e4len, die die Raumh\u00f6he mehrerer Stockwerke haben, wird von den MitarbeiterInnen und NutzerInnen oftmals als zu laut empfunden. R\u00e4ume der FachreferentInnen beispielsweise sind in die Benutzungsbereiche integriert und  nicht schalldicht abgetrennt. Aus Kostengr\u00fcnden wurde auf Veranstaltungsr\u00e4ume verzichtet, was zur Folge hat, dass eine Bibliotheksetage f\u00fcr &#8222;Events&#8220; zweckentfremdet werden muss und die BibliotheksnutzerInnen sich nach einem anderen stillen Pl\u00e4tzchen umsehen m\u00fcssen.<\/p>\n<p>Neugierig, wie es dort ausschaut? Einen prima <a href=\"https:\/\/www.tu-cottbus.de\/einrichtungen\/de\/ikmz\/praesentationen\/videos\/das-neue-ikmz.html\">Gesamteindruck bietet ein in Zeitraffertechnik aufgenommener Film<\/a>, der im Morgengrauen beginnt und mit dem L\u00f6schen der letzten Lichter endet. <\/p>\n<p>2006 wurde das IKMZ zur Bibliothek des Jahres gek\u00fcrt. Anl\u00e4sslich dieses Festaktes entstand ein weiterer <a href=\"https:\/\/www.tu-cottbus.de\/einrichtungen\/de\/ikmz\/praesentationen\/videos\/bibliotheks-des-jahres.html\">Film, der auch einige verborgene Bereiche zeigt<\/a>: Von der Haustechnik im Keller bis zur Wetterstation auf dem Flachdach durchstreift der Film das gesamte Geb\u00e4ude.<\/p>\n<p>Auf der Webseite des IKMZ finden sich nat\u00fcrlich noch mehr Informationen \u00fcber die Bibliothek und auch \u00fcber die besondere <a href=\"https:\/\/www.tu-cottbus.de\/einrichtungen\/de\/ikmz\/praesentationen\/ikmz-gebaeude\/gebaeudebeschreibung\/architektur.html\">Architektur<\/a>.<\/p>\n<p>Das Fazit der UB-Kollegen: toller Neubau, tolle Farben &#8211; aber vermutlich gew\u00f6hnungsbed\u00fcrftig! Und die meisten fanden die (Grossraum-)B\u00fcros f\u00fcr die MitarbeiterInnen nicht attraktiv. Sch\u00f6n, dass es auch etwas an der guten alten UB gibt, was man sch\u00e4tzen kann. <\/p>\n<p>Ein paar visuelle Eindr\u00fccke vom Besuch des IKMZ verschafft die <a href=\"https:\/\/www.ub.fu-berlin.de\/intern\/\">Fotostrecke auf der Webseite der UB<\/a>.<\/p>\n<hr>\n<h3>Wir bedanken uns an dieser Stelle auch ganz herzlich f\u00fcr die nette Betreuung sowie die fachlich kompetente F\u00fchrung und Diskussion bei Frau Kusebauch und Frau Frewer-Sauvigny!<\/h3>\n","protected":false},"excerpt":{"rendered":"<p>Ab und zu sollte man ja \u00fcber den eigenen Tellerrand schauen &#8230; genau das haben einige Mitarbeiterinnen und Mitarbeiter der Universit\u00e4tsbibliothek am 27.6.2009 getan und haben sich den Bibliotheksneubau der Brandenburgischen Technischen Universit\u00e4t (BTU) in Cottbus angesehen. Der Neubau, geplant von dem renommierten Schweizer Architektenb\u00fcro Jacques Herzog &amp; Pierre de Meuron, wurde 2005 er\u00f6ffnet und &hellip; <a href=\"https:\/\/blogs.fu-berlin.de\/bibliotheken\/2009\/07\/13\/bibliotheksmitarbeiterinnen-in-cottbus\/\" class=\"more-link\"><span class=\"screen-reader-text\">\u201eBibliotheksmitarbeiterInnen in Cottbus\u201c<\/span> weiterlesen<\/a><\/p>\n","protected":false},"author":265,"featured_media":0,"comment_status":"open","ping_status":"open","sticky":false,"template":"","format":"standard","meta":{"footnotes":""},"categories":[9,599,601],"tags":[913,911,912],"class_list":["post-1989","post","type-post","status-publish","format-standard","hentry","category-allgemein","category-bibliothekswesen","category-universitatsbibliothek","tag-bibliotheksbau","tag-ikmz","tag-universitatsbibliothek-cottbus"],"_links":{"self":[{"href":"https:\/\/blogs.fu-berlin.de\/bibliotheken\/wp-json\/wp\/v2\/posts\/1989","targetHints":{"allow":["GET"]}}],"collection":[{"href":"https:\/\/blogs.fu-berlin.de\/bibliotheken\/wp-json\/wp\/v2\/posts"}],"about":[{"href":"https:\/\/blogs.fu-berlin.de\/bibliotheken\/wp-json\/wp\/v2\/types\/post"}],"author":[{"embeddable":true,"href":"https:\/\/blogs.fu-berlin.de\/bibliotheken\/wp-json\/wp\/v2\/users\/265"}],"replies":[{"embeddable":true,"href":"https:\/\/blogs.fu-berlin.de\/bibliotheken\/wp-json\/wp\/v2\/comments?post=1989"}],"version-history":[{"count":25,"href":"https:\/\/blogs.fu-berlin.de\/bibliotheken\/wp-json\/wp\/v2\/posts\/1989\/revisions"}],"predecessor-version":[{"id":2068,"href":"https:\/\/blogs.fu-berlin.de\/bibliotheken\/wp-json\/wp\/v2\/posts\/1989\/revisions\/2068"}],"wp:attachment":[{"href":"https:\/\/blogs.fu-berlin.de\/bibliotheken\/wp-json\/wp\/v2\/media?parent=1989"}],"wp:term":[{"taxonomy":"category","embeddable":true,"href":"https:\/\/blogs.fu-berlin.de\/bibliotheken\/wp-json\/wp\/v2\/categories?post=1989"},{"taxonomy":"post_tag","embeddable":true,"href":"https:\/\/blogs.fu-berlin.de\/bibliotheken\/wp-json\/wp\/v2\/tags?post=1989"}],"curies":[{"name":"wp","href":"https:\/\/api.w.org\/{rel}","templated":true}]}}