{"id":19929,"date":"2016-10-20T16:00:01","date_gmt":"2016-10-20T15:00:01","guid":{"rendered":"https:\/\/blogs.fu-berlin.de\/bibliotheken\/?p=19929"},"modified":"2021-09-16T10:40:55","modified_gmt":"2021-09-16T09:40:55","slug":"geistiges-eigentum-in-der-eu","status":"publish","type":"post","link":"https:\/\/blogs.fu-berlin.de\/bibliotheken\/2016\/10\/20\/geistiges-eigentum-in-der-eu\/","title":{"rendered":"Geistiges Eigentum in der EU"},"content":{"rendered":"\n<p><em><span class=\"has-inline-color has-bright-red-color\">Der Betrieb des \u201eDokumentationszentrums UN \u2013 EU\u201c wird eingestellt. Die entsprechende Literatur bleibt im Bestand und ist weiterhin zug\u00e4nglich.<\/span><\/em><\/p>\n\n\n<p><img loading=\"lazy\" decoding=\"async\" class=\"alignright\" src=\"https:\/\/euipo.europa.eu\/tunnel-web\/secure\/webdav\/guest\/document_library\/theme\/header\/observatory\/observatorylogo_de.png\" width=\"210\" height=\"75\">Das Amt der Europ\u00e4ischen Union f\u00fcr geistiges Eigentum (EUIPO) hat durch Vertreter der Verbraucherinteressen eine Liste mit den <a href=\"https:\/\/euipo.europa.eu\/ohimportal\/de\/web\/observatory\/faqs-on-copyright-de\">15 am h\u00e4ufigsten gestellten Fragen (FAQ) zum Urheberrecht<\/a> zusammenstellen lassen. Die Antworten kamen von nationalen Sachverst\u00e4ndigen der 28 EU-Mitgliedsstaaten.<\/p>\n<p>Zu dem Thema Copyright kann man auf der Seite <a href=\"https:\/\/copyrightexceptions.eu\/#Art. 5.1\">Copyright Exeptions<\/a> eine Interaktive Karte aufrufen. Diese sagt aus, in welchem Mitgliedsstaat der EU bestimmte Regelungen des Copyrights durchgesetzt werden.<\/p>\n<p>&nbsp;<\/p>\n<p>Noch mehr Informationen zur EU bekommen Sie in unserem <a href=\"https:\/\/www.ub.fu-berlin.de\/bibliothek\/uneu\/\">Dokumentationszentrum&nbsp;UN-EU<\/a>.<\/p>\n<p>&nbsp;<\/p>","protected":false},"excerpt":{"rendered":"<p>Der Betrieb des \u201eDokumentationszentrums UN \u2013 EU\u201c wird eingestellt. Die entsprechende Literatur bleibt im Bestand und ist weiterhin zug\u00e4nglich. Das Amt der Europ\u00e4ischen Union f\u00fcr geistiges Eigentum (EUIPO) hat durch Vertreter der Verbraucherinteressen eine Liste mit den 15 am h\u00e4ufigsten gestellten Fragen (FAQ) zum Urheberrecht zusammenstellen lassen. Die Antworten kamen von nationalen Sachverst\u00e4ndigen der 28 &hellip; <a href=\"https:\/\/blogs.fu-berlin.de\/bibliotheken\/2016\/10\/20\/geistiges-eigentum-in-der-eu\/\" class=\"more-link\"><span class=\"screen-reader-text\">\u201eGeistiges Eigentum in der EU\u201c<\/span> weiterlesen<\/a><\/p>\n","protected":false},"author":343,"featured_media":0,"comment_status":"open","ping_status":"open","sticky":false,"template":"","format":"standard","meta":{"footnotes":""},"categories":[604],"tags":[125,2458,1977,127],"class_list":["post-19929","post","type-post","status-publish","format-standard","hentry","category-ins-netz-geschaut","tag-copyright","tag-dokumentationszentrum-un-eu","tag-europaische-union","tag-urheberrecht"],"_links":{"self":[{"href":"https:\/\/blogs.fu-berlin.de\/bibliotheken\/wp-json\/wp\/v2\/posts\/19929","targetHints":{"allow":["GET"]}}],"collection":[{"href":"https:\/\/blogs.fu-berlin.de\/bibliotheken\/wp-json\/wp\/v2\/posts"}],"about":[{"href":"https:\/\/blogs.fu-berlin.de\/bibliotheken\/wp-json\/wp\/v2\/types\/post"}],"author":[{"embeddable":true,"href":"https:\/\/blogs.fu-berlin.de\/bibliotheken\/wp-json\/wp\/v2\/users\/343"}],"replies":[{"embeddable":true,"href":"https:\/\/blogs.fu-berlin.de\/bibliotheken\/wp-json\/wp\/v2\/comments?post=19929"}],"version-history":[{"count":4,"href":"https:\/\/blogs.fu-berlin.de\/bibliotheken\/wp-json\/wp\/v2\/posts\/19929\/revisions"}],"predecessor-version":[{"id":29465,"href":"https:\/\/blogs.fu-berlin.de\/bibliotheken\/wp-json\/wp\/v2\/posts\/19929\/revisions\/29465"}],"wp:attachment":[{"href":"https:\/\/blogs.fu-berlin.de\/bibliotheken\/wp-json\/wp\/v2\/media?parent=19929"}],"wp:term":[{"taxonomy":"category","embeddable":true,"href":"https:\/\/blogs.fu-berlin.de\/bibliotheken\/wp-json\/wp\/v2\/categories?post=19929"},{"taxonomy":"post_tag","embeddable":true,"href":"https:\/\/blogs.fu-berlin.de\/bibliotheken\/wp-json\/wp\/v2\/tags?post=19929"}],"curies":[{"name":"wp","href":"https:\/\/api.w.org\/{rel}","templated":true}]}}