{"id":19938,"date":"2016-10-24T09:15:16","date_gmt":"2016-10-24T08:15:16","guid":{"rendered":"https:\/\/blogs.fu-berlin.de\/bibliotheken\/?p=19938"},"modified":"2016-10-24T10:18:19","modified_gmt":"2016-10-24T09:18:19","slug":"friedenspreis-des-deutschen-buchhandels-an-carolin-emcke","status":"publish","type":"post","link":"https:\/\/blogs.fu-berlin.de\/bibliotheken\/2016\/10\/24\/friedenspreis-des-deutschen-buchhandels-an-carolin-emcke\/","title":{"rendered":"Friedenspreis des Deutschen Buchhandels an Carolin Emcke"},"content":{"rendered":"<p><a href=\"https:\/\/blogs.fu-berlin.de\/bibliotheken\/files\/2016\/10\/Carolin-Emcke.jpg\"><img loading=\"lazy\" decoding=\"async\" class=\"alignright wp-image-19939 size-medium\" src=\"https:\/\/blogs.fu-berlin.de\/bibliotheken\/files\/2016\/10\/Carolin-Emcke-300x234.jpg\" alt=\"Carolin Emcke (Bild: Ot, Lizenz: CC-BY-4.0)\" width=\"300\" height=\"234\" srcset=\"https:\/\/blogs.fu-berlin.de\/bibliotheken\/files\/2016\/10\/Carolin-Emcke-300x234.jpg 300w, https:\/\/blogs.fu-berlin.de\/bibliotheken\/files\/2016\/10\/Carolin-Emcke-768x600.jpg 768w, https:\/\/blogs.fu-berlin.de\/bibliotheken\/files\/2016\/10\/Carolin-Emcke.jpg 800w\" sizes=\"auto, (max-width: 300px) 85vw, 300px\" \/><\/a>Zum Abschluss der Frankfurter Buchmesse am Sonntag ist Carolin Emcke mit dem <a href=\"https:\/\/www.friedenspreis-des-deutschen-buchhandels.de\/\">Friedenspreis des Deutschen Buchhandels<\/a> ausgezeichnet worden. Die deutsche Publizistin nahm die mit 25.000 Euro dotierte Auszeichnung in der Frankfurter Paulskirche entgegen. Die Laudatio auf sie hielt ihre fr\u00fchere Doktormutter von der Harvard University, die Philosophin Seyla Benhabib. Emcke habe \u201e[&#8230;] die Gabe, die Dinge so benennen und erz\u00e4hlen zu k\u00f6nnen, dass das Schweigen, in das sich Gewalt, Grausamkeit und Folter h\u00fcllen, durchbrochen wird. Es ist diese Gabe, die sie heute zu einer der einflussreichsten \u00f6ffentlichen Intellektuellen unserer Zeit macht.\u201c, so Benhabib in <a href=\"https:\/\/www.friedenspreis-des-deutschen-buchhandels.de\/1244996\/\">ihrer Laudatio<\/a>.<\/p>\n<p>Carolin Emcke, Tochter einer Argentinierin und eines Deutschen, wurde 1967 in M\u00fchlheim\/Ruhr geboren und studierte Philosophie, Politik und Geschichte in London, Harvard und Frankfurt\/Main. Sie schloss ihr Studium 1993 mit dem Magister Artium in Philosophie bei J\u00fcrgen Habermas ab und promovierte als Stipendiatin der Studienstiftung des Deutschen Volkes bei Axel Honneth in Frankfurt und Seyla Benhabib von der Harvard University \u00fcber den Begriff \u201e<a href=\"https:\/\/primo.kobv.de\/FUB:FUB_ALEPH001813761\">Kollektive Identit\u00e4ten<\/a>\u201c zum Dr. phil.<\/p>\n<p>(Bild: <a class=\"fancybox image\" href=\"https:\/\/commons.wikimedia.org\/wiki\/File%3ACarolin_Emcke-republica2016b.JPG\">Ot, Lizenz: CC-BY-4.0<\/a>)<\/p>\n<p>Ihre Karriere als Journalistin begann sie als Kriegsreporterin f\u00fcr den <em>Spiegel<\/em> und berichtete u. a. aus dem Kosovo, aus Afghanistan, Pakistan, Irak und Gaza. In <a href=\"https:\/\/primo.kobv.de\/FUB:FUB_ALEPH003482507\"><em>Von den Kriegen \u2013 Briefe an Freunde<\/em><\/a> (2004) reflektierte Emcke ihre eigene Rolle als Reporterin an den Krisenherden der Welt. Den Zusammenhang von Gewalt und Sprachlosigkeit thematisierte Emcke, die seit 2007 als freie Publizistin t\u00e4tig ist, auch in ihren sp\u00e4teren Werken wie dem 2013 erschienenen Essayband <a href=\"https:\/\/primo.kobv.de\/FUB:FUB_ALEPH004779764\"><em>Weil es sagbar ist<\/em><\/a> (vgl. <a href=\"https:\/\/vs13.kobv.de\/V?portal=FUBERLIN&amp;institute=FUBERLIN&amp;func=find-db-1-title&amp;mode=titles&amp;azlist=N&amp;scan_utf=&amp;scan_start=munzinger&amp;search_type=contains&amp;restricted=all\">Portr\u00e4t bei Munzinger Online<\/a>). Neben Reportagen und Essays f\u00fcr die <em>ZEIT<\/em> aus Albanien oder Haiti schrieb sie mit <a href=\"https:\/\/primo.kobv.de\/FUB:FUB_ALEPH003329310\"><em>Stumme Gewalt<\/em><\/a> (2008) ein Buch, das zum Dialog zwischen der Roten Armee Fraktion (RAF), deren Opfern und den Ermittlern aufrief (Emckes eigener Patenonkel Alfred Herrhausen war 1989 von der RAF ermordet worden). Mit <a href=\"https:\/\/primo.kobv.de\/FUB:FUB_ALEPH004484630\"><em>Wie wir begehren<\/em><\/a> (2012) stellte sich die Autorin der eigenen Homosexualit\u00e4t, w\u00e4hrend sich ihr in diesem Monat neu erschienener Essayband <em>Gegen den Hass<\/em> Rassismus, Fanatismus und Demokratiefeindlichkeit zum Thema hat. Auch in ihrer lesenswerten Dankesrede zum Friedenspreis des Deutschen Buchhandels nimmt Emcke Stellung zu den Themen Fanatismus, Freiheit und Homosexualit\u00e4t. Mit dem Gedanken \u201eFreiheit ist nichts, das man besitzt, sondern etwas, das man tut.\u201c, schlie\u00dft die in Berlin lebende Autorin ab und rief erneut zum Dialog miteinander auf (vgl. <a href=\"https:\/\/www.sueddeutsche.de\/kultur\/friedenspreis-des-deutschen-buchhandels-wir-duerfen-reden-halten-in-der-paulskirche-aber-heiraten-duerfen-wir-nicht-1.3218297-3\">sueddeutsche.de<\/a>).<\/p>\n","protected":false},"excerpt":{"rendered":"<p>Zum Abschluss der Frankfurter Buchmesse am Sonntag ist Carolin Emcke mit dem Friedenspreis des Deutschen Buchhandels ausgezeichnet worden. Die deutsche Publizistin nahm die mit 25.000 Euro dotierte Auszeichnung in der Frankfurter Paulskirche entgegen. Die Laudatio auf sie hielt ihre fr\u00fchere Doktormutter von der Harvard University, die Philosophin Seyla Benhabib. Emcke habe \u201e[&#8230;] die Gabe, die &hellip; <a href=\"https:\/\/blogs.fu-berlin.de\/bibliotheken\/2016\/10\/24\/friedenspreis-des-deutschen-buchhandels-an-carolin-emcke\/\" class=\"more-link\"><span class=\"screen-reader-text\">\u201eFriedenspreis des Deutschen Buchhandels an Carolin Emcke\u201c<\/span> weiterlesen<\/a><\/p>\n","protected":false},"author":293,"featured_media":0,"comment_status":"open","ping_status":"open","sticky":false,"template":"","format":"standard","meta":{"footnotes":""},"categories":[9,492],"tags":[57540,57539],"class_list":["post-19938","post","type-post","status-publish","format-standard","hentry","category-allgemein","category-literaturtipps","tag-carolin-emcke","tag-friedenspreis-des-deutschen-buchhandels-2016"],"_links":{"self":[{"href":"https:\/\/blogs.fu-berlin.de\/bibliotheken\/wp-json\/wp\/v2\/posts\/19938","targetHints":{"allow":["GET"]}}],"collection":[{"href":"https:\/\/blogs.fu-berlin.de\/bibliotheken\/wp-json\/wp\/v2\/posts"}],"about":[{"href":"https:\/\/blogs.fu-berlin.de\/bibliotheken\/wp-json\/wp\/v2\/types\/post"}],"author":[{"embeddable":true,"href":"https:\/\/blogs.fu-berlin.de\/bibliotheken\/wp-json\/wp\/v2\/users\/293"}],"replies":[{"embeddable":true,"href":"https:\/\/blogs.fu-berlin.de\/bibliotheken\/wp-json\/wp\/v2\/comments?post=19938"}],"version-history":[{"count":7,"href":"https:\/\/blogs.fu-berlin.de\/bibliotheken\/wp-json\/wp\/v2\/posts\/19938\/revisions"}],"predecessor-version":[{"id":19953,"href":"https:\/\/blogs.fu-berlin.de\/bibliotheken\/wp-json\/wp\/v2\/posts\/19938\/revisions\/19953"}],"wp:attachment":[{"href":"https:\/\/blogs.fu-berlin.de\/bibliotheken\/wp-json\/wp\/v2\/media?parent=19938"}],"wp:term":[{"taxonomy":"category","embeddable":true,"href":"https:\/\/blogs.fu-berlin.de\/bibliotheken\/wp-json\/wp\/v2\/categories?post=19938"},{"taxonomy":"post_tag","embeddable":true,"href":"https:\/\/blogs.fu-berlin.de\/bibliotheken\/wp-json\/wp\/v2\/tags?post=19938"}],"curies":[{"name":"wp","href":"https:\/\/api.w.org\/{rel}","templated":true}]}}