{"id":20049,"date":"2016-11-03T10:00:58","date_gmt":"2016-11-03T09:00:58","guid":{"rendered":"https:\/\/blogs.fu-berlin.de\/bibliotheken\/?p=20049"},"modified":"2021-09-16T10:39:17","modified_gmt":"2021-09-16T09:39:17","slug":"die-eu-im-vergleich-zum-rest-der-welt","status":"publish","type":"post","link":"https:\/\/blogs.fu-berlin.de\/bibliotheken\/2016\/11\/03\/die-eu-im-vergleich-zum-rest-der-welt\/","title":{"rendered":"Die EU im Vergleich zum Rest der Welt"},"content":{"rendered":"\n<p><em><span class=\"has-inline-color has-bright-red-color\">Der Betrieb des \u201eDokumentationszentrums UN \u2013 EU\u201c wird eingestellt. Die entsprechende Literatur bleibt im Bestand und ist weiterhin zug\u00e4nglich.<\/span><\/em><\/p>\n\n\n<p><figure id=\"attachment_20066\" aria-describedby=\"caption-attachment-20066\" style=\"width: 206px\" class=\"wp-caption alignright\"><img loading=\"lazy\" decoding=\"async\" class=\"wp-image-20066 size-medium\" src=\"https:\/\/blogs.fu-berlin.de\/bibliotheken\/files\/2016\/11\/EU-in-the-world-e1478160229956-206x300.jpg\" alt=\"Cover &quot;The EU in the world&quot;\" width=\"206\" height=\"300\" srcset=\"https:\/\/blogs.fu-berlin.de\/bibliotheken\/files\/2016\/11\/EU-in-the-world-e1478160229956-206x300.jpg 206w, https:\/\/blogs.fu-berlin.de\/bibliotheken\/files\/2016\/11\/EU-in-the-world-e1478160229956-768x1116.jpg 768w\" sizes=\"auto, (max-width: 206px) 85vw, 206px\" \/><figcaption id=\"caption-attachment-20066\" class=\"wp-caption-text\">Foto: Melanie Kleist<\/figcaption><\/figure><\/p>\n<p>Wie schneidet die EU im Vergleich zu anderen M\u00e4chten in der Welt statistisch ab? Wie sind die Zahlen zu den Lebensbedingungen, der Agrarwirtschaft&nbsp; oder dem internationalen Handel? Als ein guter Einstieg in die Statistiken der EU kann die Neuerscheinung &#8222;<a href=\"https:\/\/primo.kobv.de\/FUB:FUB_ALEPH004274834\">The EU in the world<\/a>&#8220; hier Wissensl\u00fccken f\u00fcllen und Aufschluss geben. Aktuell ist die Ausgabe f\u00fcr 2016 erschienen und bei uns als Printexemplar im Pr\u00e4senzbereich des Dokumentationszentrums UN-EU einsehbar (Signatur edz 1400 E89 S7-2016) . Optional gibt es die Ausgabe auch <a href=\"https:\/\/primo.kobv.de\/FUB:TN_eu_bkvtls000362440\">in digitaler Form<\/a>.<\/p>\n<p>Diese Publikation vereint Informationen aus den Publikationen <a href=\"https:\/\/primo.kobv.de\/FUB:TN_gbv687843030\">Europe in figures \u2014 the Eurostat yearbook<\/a> und <a href=\"https:\/\/primo.kobv.de\/FUB:FUB_SFX2650000000000055\">Eurostat regional yearbook<\/a>.<a href=\"https:\/\/primo.kobv.de\/FUB:TN_gbv687843030\"><br>\n<\/a><\/p>\n<p>Noch mehr Informationen zur EU bekommen Sie in unserem <a href=\"https:\/\/www.ub.fu-berlin.de\/bibliothek\/uneu\/\">Dokumentationszentrum&nbsp;UN-EU<\/a>.<\/p>\n<p>&nbsp;<\/p>\n<p>&nbsp;<\/p>","protected":false},"excerpt":{"rendered":"<p>Der Betrieb des \u201eDokumentationszentrums UN \u2013 EU\u201c wird eingestellt. Die entsprechende Literatur bleibt im Bestand und ist weiterhin zug\u00e4nglich. Wie schneidet die EU im Vergleich zu anderen M\u00e4chten in der Welt statistisch ab? Wie sind die Zahlen zu den Lebensbedingungen, der Agrarwirtschaft&nbsp; oder dem internationalen Handel? Als ein guter Einstieg in die Statistiken der EU &hellip; <a href=\"https:\/\/blogs.fu-berlin.de\/bibliotheken\/2016\/11\/03\/die-eu-im-vergleich-zum-rest-der-welt\/\" class=\"more-link\"><span class=\"screen-reader-text\">\u201eDie EU im Vergleich zum Rest der Welt\u201c<\/span> weiterlesen<\/a><\/p>\n","protected":false},"author":343,"featured_media":0,"comment_status":"open","ping_status":"open","sticky":false,"template":"","format":"standard","meta":{"footnotes":""},"categories":[492,603],"tags":[2458,1978,1977,906],"class_list":["post-20049","post","type-post","status-publish","format-standard","hentry","category-literaturtipps","category-vorgestellt","tag-dokumentationszentrum-un-eu","tag-eu","tag-europaische-union","tag-statistik"],"_links":{"self":[{"href":"https:\/\/blogs.fu-berlin.de\/bibliotheken\/wp-json\/wp\/v2\/posts\/20049","targetHints":{"allow":["GET"]}}],"collection":[{"href":"https:\/\/blogs.fu-berlin.de\/bibliotheken\/wp-json\/wp\/v2\/posts"}],"about":[{"href":"https:\/\/blogs.fu-berlin.de\/bibliotheken\/wp-json\/wp\/v2\/types\/post"}],"author":[{"embeddable":true,"href":"https:\/\/blogs.fu-berlin.de\/bibliotheken\/wp-json\/wp\/v2\/users\/343"}],"replies":[{"embeddable":true,"href":"https:\/\/blogs.fu-berlin.de\/bibliotheken\/wp-json\/wp\/v2\/comments?post=20049"}],"version-history":[{"count":12,"href":"https:\/\/blogs.fu-berlin.de\/bibliotheken\/wp-json\/wp\/v2\/posts\/20049\/revisions"}],"predecessor-version":[{"id":29463,"href":"https:\/\/blogs.fu-berlin.de\/bibliotheken\/wp-json\/wp\/v2\/posts\/20049\/revisions\/29463"}],"wp:attachment":[{"href":"https:\/\/blogs.fu-berlin.de\/bibliotheken\/wp-json\/wp\/v2\/media?parent=20049"}],"wp:term":[{"taxonomy":"category","embeddable":true,"href":"https:\/\/blogs.fu-berlin.de\/bibliotheken\/wp-json\/wp\/v2\/categories?post=20049"},{"taxonomy":"post_tag","embeddable":true,"href":"https:\/\/blogs.fu-berlin.de\/bibliotheken\/wp-json\/wp\/v2\/tags?post=20049"}],"curies":[{"name":"wp","href":"https:\/\/api.w.org\/{rel}","templated":true}]}}