{"id":2009,"date":"2009-07-08T09:41:24","date_gmt":"2009-07-08T08:41:24","guid":{"rendered":"https:\/\/blogs.fu-berlin.de\/bibliotheken\/?p=2009"},"modified":"2009-07-24T14:56:00","modified_gmt":"2009-07-24T13:56:00","slug":"vom-palast-zum-flugfeld","status":"publish","type":"post","link":"https:\/\/blogs.fu-berlin.de\/bibliotheken\/2009\/07\/08\/vom-palast-zum-flugfeld\/","title":{"rendered":"Vom Palast zum Flugfeld"},"content":{"rendered":"<p>Die Idee ist nicht neu. Schon Anfang der 90er Jahre wurde das Konzept zur Zusammenlegung von Berliner Stadtbibliothek und Amerika-Gedenkbibliothek verkn\u00fcpft mit der Forderung nach einem gemeinsamen Haus.<br \/>\nAnvisiert wurde der ehemalige Palast der Republik. Auch ein Name kursierte schon in den Medien: \u201ePalast der Republik des Geistes\u201c. Mit dem Beschluss, den Palast der Republik abzurei\u00dfen und das Berliner Stadtschloss neu aufzubauen, war der Plan f\u00fcr ein gemeinsames Haus dort nicht mehr zu realisieren.<br \/>\nDie 5000 Quadratmeter Nutzfl\u00e4che, die Berlin im k\u00fcnftigen Humboldt-Forum zustehen, teilen sich die Zentral- und Landesbibliothek (ZLB) (4000 m\u00b2) zusammen mit der Humboldt-Universit\u00e4t (1000 m\u00b2). Ben\u00f6tigen w\u00fcrde die ZLB, die aus allen N\u00e4hten platzt und zu der seit 2005 auch die Senatsbibliothek an der Stra\u00dfe des 17. Juni geh\u00f6rt, eine Fl\u00e4che von 63 000 Quadratmetern.<\/p>\n<p>Jetzt ist die Idee f\u00fcr ein gemeinsames Geb\u00e4ude wieder aktuell.<br \/>\nAuf dem Gel\u00e4nde des ehemaligen Flughafens Tempelhof soll bis 2015 die neue Zentral- und Landesbibliothek als \u201ezeitgem\u00e4\u00dfe Metropolenbibliothek\u201c entstehen. So will es jedenfalls die ZLB, und auch der Regierende B\u00fcrgermeister Klaus Wowereit unterst\u00fctzt den Plan.<br \/>\nDie Vorstellung von einer gro\u00dfen \u00f6ffentlichen Bibliothek in zentraler Innenstadtlage, ausgestattet mit modernster IT-Infrastruktur, ist \u00e4u\u00dferst attraktiv, zudem w\u00fcrde eine solche &#8222;Metropolenbibliothek\u201c zu einer sinnvollen Belebung des riesigen Gel\u00e4ndes f\u00fchren.<br \/>\nBei der Opposition st\u00f6\u00dft das 270 Millionen Euro teure Projekt allerdings auf Kritik.<\/p>\n<p>Derzeit l\u00e4uft auf <a href=\"https:\/\/www.tagesspiegel.de\/meinung\/umfragen\/\">Tagesspiegel.de<\/a> eine Umfrage zum Thema: \u201eSoll Berlin eine neue Landesbibliothek auf dem Flugfeld Tempelhof bauen?\u201c. Au\u00dferdem findet heute Abend im Alten Museum die Er\u00f6ffnung der Ausstellung <a href=\"https:\/\/www.zlb.de\/ueber_uns\/humboldt-forum\/ausstellung\">\u201eAnders zur Welt kommen: Das Humboldt-Forum im Schloss. Ein Werkstattblick\u201c<\/a> (9. Juli 2009 bis 17. Januar 2010) statt, in der die Staatlichen Museen zu Berlin \u2013 Stiftung Preu\u00dfischer Kulturbesitz, die Humboldt-Universit\u00e4t und die Zentral- und Landesbibliothek als Partner und zuk\u00fcnftige Akteure des Humboldt-Forums gemeinsame Leitideen vorstellen.<\/p>\n","protected":false},"excerpt":{"rendered":"<p>Die Idee ist nicht neu. Schon Anfang der 90er Jahre wurde das Konzept zur Zusammenlegung von Berliner Stadtbibliothek und Amerika-Gedenkbibliothek verkn\u00fcpft mit der Forderung nach einem gemeinsamen Haus. Anvisiert wurde der ehemalige Palast der Republik. Auch ein Name kursierte schon in den Medien: \u201ePalast der Republik des Geistes\u201c. Mit dem Beschluss, den Palast der Republik &hellip; <a href=\"https:\/\/blogs.fu-berlin.de\/bibliotheken\/2009\/07\/08\/vom-palast-zum-flugfeld\/\" class=\"more-link\"><span class=\"screen-reader-text\">\u201eVom Palast zum Flugfeld\u201c<\/span> weiterlesen<\/a><\/p>\n","protected":false},"author":266,"featured_media":0,"comment_status":"open","ping_status":"open","sticky":false,"template":"","format":"standard","meta":{"footnotes":""},"categories":[599,70],"tags":[920,919],"class_list":["post-2009","post","type-post","status-publish","format-standard","hentry","category-bibliothekswesen","category-veranstaltungen","tag-humboldt-forum","tag-zlb"],"_links":{"self":[{"href":"https:\/\/blogs.fu-berlin.de\/bibliotheken\/wp-json\/wp\/v2\/posts\/2009","targetHints":{"allow":["GET"]}}],"collection":[{"href":"https:\/\/blogs.fu-berlin.de\/bibliotheken\/wp-json\/wp\/v2\/posts"}],"about":[{"href":"https:\/\/blogs.fu-berlin.de\/bibliotheken\/wp-json\/wp\/v2\/types\/post"}],"author":[{"embeddable":true,"href":"https:\/\/blogs.fu-berlin.de\/bibliotheken\/wp-json\/wp\/v2\/users\/266"}],"replies":[{"embeddable":true,"href":"https:\/\/blogs.fu-berlin.de\/bibliotheken\/wp-json\/wp\/v2\/comments?post=2009"}],"version-history":[{"count":20,"href":"https:\/\/blogs.fu-berlin.de\/bibliotheken\/wp-json\/wp\/v2\/posts\/2009\/revisions"}],"predecessor-version":[{"id":2065,"href":"https:\/\/blogs.fu-berlin.de\/bibliotheken\/wp-json\/wp\/v2\/posts\/2009\/revisions\/2065"}],"wp:attachment":[{"href":"https:\/\/blogs.fu-berlin.de\/bibliotheken\/wp-json\/wp\/v2\/media?parent=2009"}],"wp:term":[{"taxonomy":"category","embeddable":true,"href":"https:\/\/blogs.fu-berlin.de\/bibliotheken\/wp-json\/wp\/v2\/categories?post=2009"},{"taxonomy":"post_tag","embeddable":true,"href":"https:\/\/blogs.fu-berlin.de\/bibliotheken\/wp-json\/wp\/v2\/tags?post=2009"}],"curies":[{"name":"wp","href":"https:\/\/api.w.org\/{rel}","templated":true}]}}