{"id":20099,"date":"2016-11-08T10:00:17","date_gmt":"2016-11-08T09:00:17","guid":{"rendered":"https:\/\/blogs.fu-berlin.de\/bibliotheken\/?p=20099"},"modified":"2021-09-16T10:38:52","modified_gmt":"2021-09-16T09:38:52","slug":"gespraechsrunde-nach-der-wahl-in-den-usa-mit-beteiligung-der-us-botschaft-berlin","status":"publish","type":"post","link":"https:\/\/blogs.fu-berlin.de\/bibliotheken\/2016\/11\/08\/gespraechsrunde-nach-der-wahl-in-den-usa-mit-beteiligung-der-us-botschaft-berlin\/","title":{"rendered":"Gespr\u00e4chsrunde nach der Wahl in den USA mit Beteiligung der US-Botschaft Berlin"},"content":{"rendered":"\n<p><em><span class=\"has-inline-color has-bright-red-color\">Der Betrieb des \u201eDokumentationszentrums UN \u2013 EU\u201c wird eingestellt. Die entsprechende Literatur bleibt im Bestand und ist weiterhin zug\u00e4nglich.<\/span><\/em><\/p>\n\n\n<p class=\"box-article-subtitle\">Die Auftaktveranstaltung zur <a href=\"https:\/\/www.jfki.fu-berlin.de\/faculty\/politicalscience\/conferences\/balancing-the-scales\/index.html\">Jahrestagung der Sektion Politikwissenschaft der Deutschen Gesellschaft f\u00fcr Amerikastudien<\/a> bietet in diesem Jahr den perfekten Anlass, um kurzfristig nach der US-Wahl \u00fcber das Wahlergebnis und dessen Folgen zu diskutieren.<\/p>\n<p class=\"box-article-subtitle\">So findet am 10. November im Bundespresseamt eine Podiumsdiskussion unter Organisation des John-F.-Kennedy-Instituts f\u00fcr Nordamerikastudien der Freien Universit\u00e4t Berlin statt. Moderiert wird die Veranstaltung von Juliane Sch\u00e4uble (Der Tagesspiegel).<\/p>\n<p class=\"box-article-subtitle\">Gespr\u00e4chspartner sind<\/p>\n<ul>\n<li><a href=\"https:\/\/de.usembassy.gov\/de\/deutsch-amerikanische-beziehungen\/gesandter-kent-logsdon\/\">Kent Logsdon<\/a>, Gesandter der US-Botschaft Berlin<\/li>\n<li><a href=\"https:\/\/www.jfki.fu-berlin.de\/faculty\/economics\/team\/persons\/collier\/index.html\">Prof. Irwin Collier<\/a>, PhD, Wirtschaftswissenschaftler und Institutsratsvorsitzender des John-F.-Kennedy-Instituts f\u00fcr Nordamerikastudien der Freien Universit\u00e4t Berlin<\/li>\n<li><a href=\"https:\/\/www.awen.wiso.uni-erlangen.de\/team\/falke\/\">Prof. Dr. Andreas Falke<\/a>, Politikwissenschaftler und Inhaber des Lehrstuhls f\u00fcr Auslandswissenschaft an der Friedrich-Alexander-Universit\u00e4t Erlangen-N\u00fcrnberg<\/li>\n<li><a href=\"https:\/\/www.jfki.fu-berlin.de\/faculty\/history\/persons\/Lehrende\/gienow_hecht\/index.html\">Prof. Dr. <\/a><a href=\"https:\/\/www.jfki.fu-berlin.de\/faculty\/history\/persons\/Lehrende\/gienow_hecht\/index.html\">Jessica Gienow-Hecht<\/a>, Historikerin und Professorin am John-F.-Kennedy-Institut f\u00fcr Nordamerikastudien der Freien Universit\u00e4t Berlin<\/li>\n<\/ul>\n<p>Die Veranstaltung ist \u00f6ffentlich, der Eintritt ist frei.<\/p>\n<p>Weiter Informationen zu Veranstaltung gibt es <a href=\"https:\/\/www.fu-berlin.de\/presse\/informationen\/fup\/2016\/fup_16_378-gespraechsrunde-us-wahl-us-botschaft-jahrestagung-dgfa\/index.html\">hier<\/a>.<\/p>\n<p>&nbsp;<\/p>\n<p>Am 22. November veranstaltet das Dokumentationszentrum UN-EU im Henry-Ford-Bau im Rahmen der Veranstaltungsreihe Berliner-Europa-Dialog ebenfalls eine Podiumsdiskussion zum Thema. Weiter Informationen zu dieser Veranstaltung gibt es <a href=\"https:\/\/blogs.fu-berlin.de\/bibliotheken\/2016\/11\/07\/berliner-europa-dialog-am-22-11-2016-does-europe-still-matter-die-folgen-der-us-wahlen-fuer-europa\">hier<\/a>.<\/p>\n<p>&nbsp;<\/p>\n<p>&nbsp;<\/p>","protected":false},"excerpt":{"rendered":"<p>Der Betrieb des \u201eDokumentationszentrums UN \u2013 EU\u201c wird eingestellt. Die entsprechende Literatur bleibt im Bestand und ist weiterhin zug\u00e4nglich. Die Auftaktveranstaltung zur Jahrestagung der Sektion Politikwissenschaft der Deutschen Gesellschaft f\u00fcr Amerikastudien bietet in diesem Jahr den perfekten Anlass, um kurzfristig nach der US-Wahl \u00fcber das Wahlergebnis und dessen Folgen zu diskutieren. So findet am 10. &hellip; <a href=\"https:\/\/blogs.fu-berlin.de\/bibliotheken\/2016\/11\/08\/gespraechsrunde-nach-der-wahl-in-den-usa-mit-beteiligung-der-us-botschaft-berlin\/\" class=\"more-link\"><span class=\"screen-reader-text\">\u201eGespr\u00e4chsrunde nach der Wahl in den USA mit Beteiligung der US-Botschaft Berlin\u201c<\/span> weiterlesen<\/a><\/p>\n","protected":false},"author":343,"featured_media":0,"comment_status":"open","ping_status":"open","sticky":false,"template":"","format":"standard","meta":{"footnotes":""},"categories":[70],"tags":[2458,57557],"class_list":["post-20099","post","type-post","status-publish","format-standard","hentry","category-veranstaltungen","tag-dokumentationszentrum-un-eu","tag-us-wahlen"],"_links":{"self":[{"href":"https:\/\/blogs.fu-berlin.de\/bibliotheken\/wp-json\/wp\/v2\/posts\/20099","targetHints":{"allow":["GET"]}}],"collection":[{"href":"https:\/\/blogs.fu-berlin.de\/bibliotheken\/wp-json\/wp\/v2\/posts"}],"about":[{"href":"https:\/\/blogs.fu-berlin.de\/bibliotheken\/wp-json\/wp\/v2\/types\/post"}],"author":[{"embeddable":true,"href":"https:\/\/blogs.fu-berlin.de\/bibliotheken\/wp-json\/wp\/v2\/users\/343"}],"replies":[{"embeddable":true,"href":"https:\/\/blogs.fu-berlin.de\/bibliotheken\/wp-json\/wp\/v2\/comments?post=20099"}],"version-history":[{"count":7,"href":"https:\/\/blogs.fu-berlin.de\/bibliotheken\/wp-json\/wp\/v2\/posts\/20099\/revisions"}],"predecessor-version":[{"id":29461,"href":"https:\/\/blogs.fu-berlin.de\/bibliotheken\/wp-json\/wp\/v2\/posts\/20099\/revisions\/29461"}],"wp:attachment":[{"href":"https:\/\/blogs.fu-berlin.de\/bibliotheken\/wp-json\/wp\/v2\/media?parent=20099"}],"wp:term":[{"taxonomy":"category","embeddable":true,"href":"https:\/\/blogs.fu-berlin.de\/bibliotheken\/wp-json\/wp\/v2\/categories?post=20099"},{"taxonomy":"post_tag","embeddable":true,"href":"https:\/\/blogs.fu-berlin.de\/bibliotheken\/wp-json\/wp\/v2\/tags?post=20099"}],"curies":[{"name":"wp","href":"https:\/\/api.w.org\/{rel}","templated":true}]}}