{"id":20108,"date":"2016-11-09T09:00:31","date_gmt":"2016-11-09T08:00:31","guid":{"rendered":"https:\/\/blogs.fu-berlin.de\/bibliotheken\/?p=20108"},"modified":"2021-09-17T13:21:15","modified_gmt":"2021-09-17T12:21:15","slug":"veranstaltung-der-joint-speaker-series-der-freien-universitaet-berlin-und-der-indiana-university","status":"publish","type":"post","link":"https:\/\/blogs.fu-berlin.de\/bibliotheken\/2016\/11\/09\/veranstaltung-der-joint-speaker-series-der-freien-universitaet-berlin-und-der-indiana-university\/","title":{"rendered":"Veranstaltung der Joint Speaker Series der Freien Universit\u00e4t Berlin und der Indiana University"},"content":{"rendered":"\n<p><em><span class=\"has-inline-color has-bright-red-color\">Der Betrieb des \u201eDokumentationszentrums UN \u2013 EU\u201c wird eingestellt. Die entsprechende Literatur bleibt im Bestand und ist weiterhin zug\u00e4nglich.<\/span><\/em><\/p>\n\n\n<p>Am 17. November diskutieren in Kreuzberg, im&nbsp;Indiana University Europe Gateway, der Politikwissenschaftler <a href=\"https:\/\/www.jfki.fu-berlin.de\/en\/faculty\/politicalscience\/team\/professors\/lammert\/index.html\">Dr. Christian Lammert<\/a>, Professor am John-F.-Kennedy-Institut f\u00fcr Nordamerikastudien der Freien Universit\u00e4t Berlin, und <a href=\"https:\/\/polisci.indiana.edu\/faculty\/profiles\/robinso.shtml\">Jean C. Robinson<\/a>, Professorin f\u00fcr Politikwissenschaft an der Indiana University in Bloomington, neun Tage nach der US-Wahl \u00fcber die Folgen des Wahlergebnisses. <a href=\"https:\/\/www.gmfus.org\/profiles\/sudha-david-wilp\">Sudha David-Wilp<\/a>, stellvertretende Leiterin des Berliner B\u00fcros des German Marshall Fund, moderiert die Diskussion und Fragerunde mit dem Publikum.<\/p>\n<p>Die Veranstaltung ist \u00f6ffentlich und der Eintritt ist frei. Um Anmeldung wird gebeten, weitere Informationen gibt es <a href=\"https:\/\/www.fu-berlin.de\/presse\/informationen\/fup\/2016\/fup_16_383-us-wahl-diskussion-joint-speaker-series\/index.html\">hier<\/a>.<\/p>","protected":false},"excerpt":{"rendered":"<p>Der Betrieb des \u201eDokumentationszentrums UN \u2013 EU\u201c wird eingestellt. Die entsprechende Literatur bleibt im Bestand und ist weiterhin zug\u00e4nglich. Am 17. November diskutieren in Kreuzberg, im&nbsp;Indiana University Europe Gateway, der Politikwissenschaftler Dr. Christian Lammert, Professor am John-F.-Kennedy-Institut f\u00fcr Nordamerikastudien der Freien Universit\u00e4t Berlin, und Jean C. Robinson, Professorin f\u00fcr Politikwissenschaft an der Indiana University in &hellip; <a href=\"https:\/\/blogs.fu-berlin.de\/bibliotheken\/2016\/11\/09\/veranstaltung-der-joint-speaker-series-der-freien-universitaet-berlin-und-der-indiana-university\/\" class=\"more-link\"><span class=\"screen-reader-text\">\u201eVeranstaltung der Joint Speaker Series der Freien Universit\u00e4t Berlin und der Indiana University\u201c<\/span> weiterlesen<\/a><\/p>\n","protected":false},"author":343,"featured_media":0,"comment_status":"open","ping_status":"open","sticky":false,"template":"","format":"standard","meta":{"footnotes":""},"categories":[70],"tags":[2458,57557],"class_list":["post-20108","post","type-post","status-publish","format-standard","hentry","category-veranstaltungen","tag-dokumentationszentrum-un-eu","tag-us-wahlen"],"_links":{"self":[{"href":"https:\/\/blogs.fu-berlin.de\/bibliotheken\/wp-json\/wp\/v2\/posts\/20108","targetHints":{"allow":["GET"]}}],"collection":[{"href":"https:\/\/blogs.fu-berlin.de\/bibliotheken\/wp-json\/wp\/v2\/posts"}],"about":[{"href":"https:\/\/blogs.fu-berlin.de\/bibliotheken\/wp-json\/wp\/v2\/types\/post"}],"author":[{"embeddable":true,"href":"https:\/\/blogs.fu-berlin.de\/bibliotheken\/wp-json\/wp\/v2\/users\/343"}],"replies":[{"embeddable":true,"href":"https:\/\/blogs.fu-berlin.de\/bibliotheken\/wp-json\/wp\/v2\/comments?post=20108"}],"version-history":[{"count":2,"href":"https:\/\/blogs.fu-berlin.de\/bibliotheken\/wp-json\/wp\/v2\/posts\/20108\/revisions"}],"predecessor-version":[{"id":29771,"href":"https:\/\/blogs.fu-berlin.de\/bibliotheken\/wp-json\/wp\/v2\/posts\/20108\/revisions\/29771"}],"wp:attachment":[{"href":"https:\/\/blogs.fu-berlin.de\/bibliotheken\/wp-json\/wp\/v2\/media?parent=20108"}],"wp:term":[{"taxonomy":"category","embeddable":true,"href":"https:\/\/blogs.fu-berlin.de\/bibliotheken\/wp-json\/wp\/v2\/categories?post=20108"},{"taxonomy":"post_tag","embeddable":true,"href":"https:\/\/blogs.fu-berlin.de\/bibliotheken\/wp-json\/wp\/v2\/tags?post=20108"}],"curies":[{"name":"wp","href":"https:\/\/api.w.org\/{rel}","templated":true}]}}