{"id":20123,"date":"2016-11-09T15:55:20","date_gmt":"2016-11-09T14:55:20","guid":{"rendered":"https:\/\/blogs.fu-berlin.de\/bibliotheken\/?p=20123"},"modified":"2016-11-21T08:58:06","modified_gmt":"2016-11-21T07:58:06","slug":"fernleihbestellungen-in-diesem-jahr-nur-bis-zum-20-november-2016-moeglich","status":"publish","type":"post","link":"https:\/\/blogs.fu-berlin.de\/bibliotheken\/2016\/11\/09\/fernleihbestellungen-in-diesem-jahr-nur-bis-zum-20-november-2016-moeglich\/","title":{"rendered":"Fernleihbestellungen in diesem Jahr nur bis zum 20. November 2016 m\u00f6glich"},"content":{"rendered":"<p>Die Bibliotheken der Freien Universit\u00e4t Berlin bereiten seit dem Sommer die Umstellung auf die neue Software Alma vor, die am 4. Januar 2017\u00a0 in Produktion gehen wird. Alma ist ein modernes Bibliotheksverwaltungssystem, das die Bibliotheken besonders bei der Verwaltung der zahlreichen E-Ressourcen unterst\u00fctzt.<\/p>\n<p>F\u00fcr Sie als Nutzerinnen und Nutzer wird es zun\u00e4chst kaum sichtbare \u00c4nderungen geben, da das Bibliotheksportal Primo weiterhin das Frontend f\u00fcr die Recherche bleiben wird. Erst im n\u00e4chsten Jahr bekommt Primo ein neues, bedienfreudigeres Layout oder User Interface &#8211; wie es in der Fachsprache hei\u00dft.<\/p>\n<p>Im Rahmen der Softwareumstellung m\u00fcssen leider einige Dienste bereits ab November eingestellt werden.<\/p>\n<h3><span style=\"color: #ff0000\">Die Aufgabe von Fernleihbestellungen ist nur noch bis zum 20. November 2016 m\u00f6glich.<\/span><\/h3>\n<p>Auch Kaufvorschl\u00e4ge k\u00f6nnen nicht mehr zeitnah bearbeitet werden, da ab Anfang Dezember die Daten von Erwerbung und Katalogisierung im alten System eingefroren werden.<\/p>\n<p>Bitte beachten Sie das Blog-Posting zu den<strong> <a href=\"https:\/\/blogs.fu-berlin.de\/bibliotheken\/2016\/11\/15\/die-fu-bibliotheken-stellen-auf-die-bibliothekssoftware-alma-um\/\">Benutzungseinschr\u00e4nkungen w\u00e4hrend der Umstellungsphase zu Alma<\/a><\/strong> sowie die <strong><a href=\"https:\/\/www.fu-berlin.de\/sites\/ub\/ueber-uns\/alma\/index.html\" target=\"_blank\">Alma-Projektseite auf der UB-Homepage<\/a><\/strong>, die \u00fcber ge\u00e4nderte Benutzungsmodalit\u00e4ten informiert.<\/p>\n<p>Wir bitten um Verst\u00e4ndnis<br \/>\nIhre Universit\u00e4tsbibliothek<\/p>\n","protected":false},"excerpt":{"rendered":"<p>Die Bibliotheken der Freien Universit\u00e4t Berlin bereiten seit dem Sommer die Umstellung auf die neue Software Alma vor, die am 4. Januar 2017\u00a0 in Produktion gehen wird. Alma ist ein modernes Bibliotheksverwaltungssystem, das die Bibliotheken besonders bei der Verwaltung der zahlreichen E-Ressourcen unterst\u00fctzt. F\u00fcr Sie als Nutzerinnen und Nutzer wird es zun\u00e4chst kaum sichtbare \u00c4nderungen &hellip; <a href=\"https:\/\/blogs.fu-berlin.de\/bibliotheken\/2016\/11\/09\/fernleihbestellungen-in-diesem-jahr-nur-bis-zum-20-november-2016-moeglich\/\" class=\"more-link\"><span class=\"screen-reader-text\">\u201eFernleihbestellungen in diesem Jahr nur bis zum 20. November 2016 m\u00f6glich\u201c<\/span> weiterlesen<\/a><\/p>\n","protected":false},"author":265,"featured_media":0,"comment_status":"open","ping_status":"open","sticky":false,"template":"","format":"standard","meta":{"footnotes":""},"categories":[600,601],"tags":[56837],"class_list":["post-20123","post","type-post","status-publish","format-standard","hentry","category-fachbibliotheken","category-universitatsbibliothek","tag-alma"],"_links":{"self":[{"href":"https:\/\/blogs.fu-berlin.de\/bibliotheken\/wp-json\/wp\/v2\/posts\/20123","targetHints":{"allow":["GET"]}}],"collection":[{"href":"https:\/\/blogs.fu-berlin.de\/bibliotheken\/wp-json\/wp\/v2\/posts"}],"about":[{"href":"https:\/\/blogs.fu-berlin.de\/bibliotheken\/wp-json\/wp\/v2\/types\/post"}],"author":[{"embeddable":true,"href":"https:\/\/blogs.fu-berlin.de\/bibliotheken\/wp-json\/wp\/v2\/users\/265"}],"replies":[{"embeddable":true,"href":"https:\/\/blogs.fu-berlin.de\/bibliotheken\/wp-json\/wp\/v2\/comments?post=20123"}],"version-history":[{"count":10,"href":"https:\/\/blogs.fu-berlin.de\/bibliotheken\/wp-json\/wp\/v2\/posts\/20123\/revisions"}],"predecessor-version":[{"id":20174,"href":"https:\/\/blogs.fu-berlin.de\/bibliotheken\/wp-json\/wp\/v2\/posts\/20123\/revisions\/20174"}],"wp:attachment":[{"href":"https:\/\/blogs.fu-berlin.de\/bibliotheken\/wp-json\/wp\/v2\/media?parent=20123"}],"wp:term":[{"taxonomy":"category","embeddable":true,"href":"https:\/\/blogs.fu-berlin.de\/bibliotheken\/wp-json\/wp\/v2\/categories?post=20123"},{"taxonomy":"post_tag","embeddable":true,"href":"https:\/\/blogs.fu-berlin.de\/bibliotheken\/wp-json\/wp\/v2\/tags?post=20123"}],"curies":[{"name":"wp","href":"https:\/\/api.w.org\/{rel}","templated":true}]}}