{"id":20137,"date":"2016-11-14T10:00:38","date_gmt":"2016-11-14T09:00:38","guid":{"rendered":"https:\/\/blogs.fu-berlin.de\/bibliotheken\/?p=20137"},"modified":"2021-09-17T13:20:19","modified_gmt":"2021-09-17T12:20:19","slug":"bewerbungsphase-fuer-masterstudiengaenge-am-college-of-europe-201718","status":"publish","type":"post","link":"https:\/\/blogs.fu-berlin.de\/bibliotheken\/2016\/11\/14\/bewerbungsphase-fuer-masterstudiengaenge-am-college-of-europe-201718\/","title":{"rendered":"Bewerbungsphase f\u00fcr Masterstudieng\u00e4nge am College of Europe 2017\/18"},"content":{"rendered":"\n<p><em><span class=\"has-inline-color has-bright-red-color\">Der Betrieb des \u201eDokumentationszentrums UN \u2013 EU\u201c wird eingestellt. Die entsprechende Literatur bleibt im Bestand und ist weiterhin zug\u00e4nglich.<\/span><\/em><\/p>\n\n\n<p>Bis zum 18.01.2017 kann man sich noch f\u00fcr postgraduierten-Studienpl\u00e4tze am <a href=\"https:\/\/www.netzwerk-ebd.de\/aktivitaeten\/coe\/\">College of Europe Br\u00fcgge (Beldien) und Natolin (Polen)<\/a> bewerben. F\u00fcr das Studienjahr 2017\/18 sind rund 30 Studienpl\u00e4tze und Stipendien f\u00fcr deutsche Hochschulabsolventen zu vergeben. Das Auswahlverfahren f\u00fcr Deutschland wird von der <a href=\"https:\/\/www.netzwerk-ebd.de\/\">Europ\u00e4ischen Bewegung Deutschland<\/a> durchgef\u00fchrt.<\/p>\n<p>N\u00e4here Informationen k\u00f6nnen <a href=\"https:\/\/www.netzwerk-ebd.de\/aktivitaeten\/coe\/\">hier<\/a> entnommen werden.<\/p>","protected":false},"excerpt":{"rendered":"<p>Der Betrieb des \u201eDokumentationszentrums UN \u2013 EU\u201c wird eingestellt. Die entsprechende Literatur bleibt im Bestand und ist weiterhin zug\u00e4nglich. Bis zum 18.01.2017 kann man sich noch f\u00fcr postgraduierten-Studienpl\u00e4tze am College of Europe Br\u00fcgge (Beldien) und Natolin (Polen) bewerben. F\u00fcr das Studienjahr 2017\/18 sind rund 30 Studienpl\u00e4tze und Stipendien f\u00fcr deutsche Hochschulabsolventen zu vergeben. Das Auswahlverfahren &hellip; <a href=\"https:\/\/blogs.fu-berlin.de\/bibliotheken\/2016\/11\/14\/bewerbungsphase-fuer-masterstudiengaenge-am-college-of-europe-201718\/\" class=\"more-link\"><span class=\"screen-reader-text\">\u201eBewerbungsphase f\u00fcr Masterstudieng\u00e4nge am College of Europe 2017\/18\u201c<\/span> weiterlesen<\/a><\/p>\n","protected":false},"author":343,"featured_media":0,"comment_status":"open","ping_status":"open","sticky":false,"template":"","format":"standard","meta":{"footnotes":""},"categories":[604],"tags":[2458,56924],"class_list":["post-20137","post","type-post","status-publish","format-standard","hentry","category-ins-netz-geschaut","tag-dokumentationszentrum-un-eu","tag-europaeische-bewegung-deutschland"],"_links":{"self":[{"href":"https:\/\/blogs.fu-berlin.de\/bibliotheken\/wp-json\/wp\/v2\/posts\/20137","targetHints":{"allow":["GET"]}}],"collection":[{"href":"https:\/\/blogs.fu-berlin.de\/bibliotheken\/wp-json\/wp\/v2\/posts"}],"about":[{"href":"https:\/\/blogs.fu-berlin.de\/bibliotheken\/wp-json\/wp\/v2\/types\/post"}],"author":[{"embeddable":true,"href":"https:\/\/blogs.fu-berlin.de\/bibliotheken\/wp-json\/wp\/v2\/users\/343"}],"replies":[{"embeddable":true,"href":"https:\/\/blogs.fu-berlin.de\/bibliotheken\/wp-json\/wp\/v2\/comments?post=20137"}],"version-history":[{"count":3,"href":"https:\/\/blogs.fu-berlin.de\/bibliotheken\/wp-json\/wp\/v2\/posts\/20137\/revisions"}],"predecessor-version":[{"id":29769,"href":"https:\/\/blogs.fu-berlin.de\/bibliotheken\/wp-json\/wp\/v2\/posts\/20137\/revisions\/29769"}],"wp:attachment":[{"href":"https:\/\/blogs.fu-berlin.de\/bibliotheken\/wp-json\/wp\/v2\/media?parent=20137"}],"wp:term":[{"taxonomy":"category","embeddable":true,"href":"https:\/\/blogs.fu-berlin.de\/bibliotheken\/wp-json\/wp\/v2\/categories?post=20137"},{"taxonomy":"post_tag","embeddable":true,"href":"https:\/\/blogs.fu-berlin.de\/bibliotheken\/wp-json\/wp\/v2\/tags?post=20137"}],"curies":[{"name":"wp","href":"https:\/\/api.w.org\/{rel}","templated":true}]}}