{"id":20153,"date":"2016-11-15T17:08:18","date_gmt":"2016-11-15T16:08:18","guid":{"rendered":"https:\/\/blogs.fu-berlin.de\/bibliotheken\/?p=20153"},"modified":"2017-01-04T12:18:05","modified_gmt":"2017-01-04T11:18:05","slug":"die-fu-bibliotheken-stellen-auf-die-bibliothekssoftware-alma-um","status":"publish","type":"post","link":"https:\/\/blogs.fu-berlin.de\/bibliotheken\/2016\/11\/15\/die-fu-bibliotheken-stellen-auf-die-bibliothekssoftware-alma-um\/","title":{"rendered":"Die FU-Bibliotheken stellen auf die Bibliothekssoftware Alma um"},"content":{"rendered":"<p><img loading=\"lazy\" decoding=\"async\" class=\"alignright size-medium wp-image-20163\" src=\"https:\/\/blogs.fu-berlin.de\/bibliotheken\/files\/2016\/11\/alma_button-300x213.png\" alt=\"alma_button\" width=\"300\" height=\"213\" srcset=\"https:\/\/blogs.fu-berlin.de\/bibliotheken\/files\/2016\/11\/alma_button-300x213.png 300w, https:\/\/blogs.fu-berlin.de\/bibliotheken\/files\/2016\/11\/alma_button.png 745w\" sizes=\"auto, (max-width: 300px) 85vw, 300px\" \/><\/p>\n<h4><strong>ACHTUNG! Bis zum 3.1.2017 sind keine Kontoaktivit\u00e4ten (Bestellungen, Vormerkungen, Leihfristverl\u00e4ngerungen) m\u00f6glich. Wir haben daf\u00fcr gesorgt, dass kein Leihfristende in diesen Zeitraum f\u00e4llt.<\/strong><br \/>\n<strong>Bitte beachten Sie auch die Schlie\u00dfzeiten der Bibliotheken (Punkt 6 des Zeitplans).<\/strong><\/h4>\n<p>Ab dem 4. Januar 2017 wird das neue Bibliothekssystem Alma von den FU-Bibliotheken produktiv eingesetzt. W\u00e4hrend der Umstellungsphase auf die neue Software gibt es einige unvermeidbare Benutzungseinschr\u00e4nkungen.<\/p>\n<h2>Zeitplan<\/h2>\n<ol>\n<li><strong>Fernleihbestellungen<\/strong> k\u00f6nnen in diesem Jahr nur <strong>bis zum 20.11.2016<\/strong> angenommen werden<\/li>\n<li><strong>Vormerkungen<\/strong> ausgeliehener Medien sind <strong>bis zum 30.11.2016<\/strong> m\u00f6glich. Bis zum 22.12.2016 nicht realisierte Vormerkungen sind ab dem 4. Januar neu vorzumerken<\/li>\n<li><strong>Magazin-Bestellungen<\/strong> sind <strong>bis 22.12.2016 bis 18 Uhr<\/strong> m\u00f6glich<\/li>\n<li>W\u00e4hrend des <strong>FU-weiten<\/strong> <strong>Betriebsurlaubs von 23.12.2016 bis zum 1.1.2017 und dar\u00fcber hinaus am 2. und 3.1.2017<\/strong> sind Bestellungen, Vormerkungen und Kontoaktivit\u00e4ten nicht m\u00f6glich<\/li>\n<li>Die<strong> Bibliotheken sind w\u00e4hrend des Betriebsurlaubs sowie am 2.1.2017 geschlossen.<br \/>\n<\/strong><\/li>\n<li><strong>Am 3.1. 2017 \u00f6ffnen folgende Bibliotheken &#8211; jedoch ohne Verbuchungsm\u00f6glichkeiten:<br \/>\n<\/strong><a href=\"https:\/\/www.fu-berlin.de\/sites\/bibliotheken\/bibliothekenfuehrer\/campusbibliothek\/index.html\" target=\"_blank\">Campusbibliothek<\/a>, <a href=\"https:\/\/www.fu-berlin.de\/sites\/bibliotheken\/bibliothekenfuehrer\/philologische_bibliothek\/index.html\" target=\"_blank\">Philologische Bibliothek<\/a>, <a href=\"https:\/\/www.fu-berlin.de\/sites\/bibliotheken\/bibliothekenfuehrer\/theaterwissenschaft_bibliothek\/index.html\" target=\"_blank\">Bibliothek des Instituts f\u00fcr Theaterwissenschaft<\/a>, <a href=\"https:\/\/www.fu-berlin.de\/sites\/bibliotheken\/bibliothekenfuehrer\/philologische_bibliothek\/index.html\" target=\"_blank\">Bibliothek Rechtswissenschaften<\/a>,\u00a0<a href=\"https:\/\/www.fu-berlin.de\/sites\/bibliotheken\/bibliothekenfuehrer\/sozialwissenschaften_osteuropastudien\/index.html\" target=\"_blank\">Bibliothek f\u00fcr Sozialwissenschaften und Osteuropastudien (nur Lesesaal)<\/a>, <a href=\"https:\/\/www.fu-berlin.de\/sites\/bibliotheken\/bibliothekenfuehrer\/wirtschaftswissenschaften_bibliothek\/index.html\" target=\"_blank\">Wirtschaftswissenschaftliche Bibliothek<\/a>.<br \/>\n<strong>Die anderen Bibliotheken, so auch die Universit\u00e4tsbibliothek bleiben am 3.1.2017 geschlossen<\/strong><strong><br \/>\n<\/strong><\/li>\n<li><strong>Kaufvorschl\u00e4ge<\/strong> k\u00f6nnen ab dem 28.11.2016 erst im n\u00e4chsten Jahr erledigt werden.<\/li>\n<\/ol>\n<h4><span style=\"color: #ff0000\">Bitte beachten Sie, dass sich einige Benutzungsmodalit\u00e4ten im Alma-System \u00e4ndern!<\/span><\/h4>\n<p>Weitere Informationen zum Alma-Projekt und den ge\u00e4nderten Benutzungsmodalit\u00e4ten finden Sie auf der UB-Homepage unter: <a href=\"https:\/\/www.fu-berlin.de\/sites\/ub\/ueber-uns\/alma\/index.html\">https:\/\/www.fu-berlin.de\/sites\/ub\/ueber-uns\/alma\/index.html<\/a><\/p>\n","protected":false},"excerpt":{"rendered":"<p>ACHTUNG! Bis zum 3.1.2017 sind keine Kontoaktivit\u00e4ten (Bestellungen, Vormerkungen, Leihfristverl\u00e4ngerungen) m\u00f6glich. Wir haben daf\u00fcr gesorgt, dass kein Leihfristende in diesen Zeitraum f\u00e4llt. Bitte beachten Sie auch die Schlie\u00dfzeiten der Bibliotheken (Punkt 6 des Zeitplans). Ab dem 4. Januar 2017 wird das neue Bibliothekssystem Alma von den FU-Bibliotheken produktiv eingesetzt. W\u00e4hrend der Umstellungsphase auf die neue &hellip; <a href=\"https:\/\/blogs.fu-berlin.de\/bibliotheken\/2016\/11\/15\/die-fu-bibliotheken-stellen-auf-die-bibliothekssoftware-alma-um\/\" class=\"more-link\"><span class=\"screen-reader-text\">\u201eDie FU-Bibliotheken stellen auf die Bibliothekssoftware Alma um\u201c<\/span> weiterlesen<\/a><\/p>\n","protected":false},"author":265,"featured_media":0,"comment_status":"open","ping_status":"open","sticky":false,"template":"","format":"standard","meta":{"footnotes":""},"categories":[600,601],"tags":[56837],"class_list":["post-20153","post","type-post","status-publish","format-standard","hentry","category-fachbibliotheken","category-universitatsbibliothek","tag-alma"],"_links":{"self":[{"href":"https:\/\/blogs.fu-berlin.de\/bibliotheken\/wp-json\/wp\/v2\/posts\/20153","targetHints":{"allow":["GET"]}}],"collection":[{"href":"https:\/\/blogs.fu-berlin.de\/bibliotheken\/wp-json\/wp\/v2\/posts"}],"about":[{"href":"https:\/\/blogs.fu-berlin.de\/bibliotheken\/wp-json\/wp\/v2\/types\/post"}],"author":[{"embeddable":true,"href":"https:\/\/blogs.fu-berlin.de\/bibliotheken\/wp-json\/wp\/v2\/users\/265"}],"replies":[{"embeddable":true,"href":"https:\/\/blogs.fu-berlin.de\/bibliotheken\/wp-json\/wp\/v2\/comments?post=20153"}],"version-history":[{"count":20,"href":"https:\/\/blogs.fu-berlin.de\/bibliotheken\/wp-json\/wp\/v2\/posts\/20153\/revisions"}],"predecessor-version":[{"id":20279,"href":"https:\/\/blogs.fu-berlin.de\/bibliotheken\/wp-json\/wp\/v2\/posts\/20153\/revisions\/20279"}],"wp:attachment":[{"href":"https:\/\/blogs.fu-berlin.de\/bibliotheken\/wp-json\/wp\/v2\/media?parent=20153"}],"wp:term":[{"taxonomy":"category","embeddable":true,"href":"https:\/\/blogs.fu-berlin.de\/bibliotheken\/wp-json\/wp\/v2\/categories?post=20153"},{"taxonomy":"post_tag","embeddable":true,"href":"https:\/\/blogs.fu-berlin.de\/bibliotheken\/wp-json\/wp\/v2\/tags?post=20153"}],"curies":[{"name":"wp","href":"https:\/\/api.w.org\/{rel}","templated":true}]}}