{"id":20267,"date":"2016-12-21T16:05:24","date_gmt":"2016-12-21T15:05:24","guid":{"rendered":"https:\/\/blogs.fu-berlin.de\/bibliotheken\/?p=20267"},"modified":"2017-04-04T08:27:14","modified_gmt":"2017-04-04T07:27:14","slug":"deutsch-juedische-quellen-aus-palaestinaisrael-online","status":"publish","type":"post","link":"https:\/\/blogs.fu-berlin.de\/bibliotheken\/2016\/12\/21\/deutsch-juedische-quellen-aus-palaestinaisrael-online\/","title":{"rendered":"Deutsch-j\u00fcdische Quellen aus Pal\u00e4stina\/Israel online"},"content":{"rendered":"<p><a href=\"https:\/\/dbis.ur.de\/detail.php?titel_id=101379&amp;bib_id=fub\"><img loading=\"lazy\" decoding=\"async\" class=\"alignright wp-image-20268 size-full\" src=\"https:\/\/blogs.fu-berlin.de\/bibliotheken\/files\/2016\/12\/107820c0101.gif\" alt=\"107820c0101\" width=\"150\" height=\"217\" \/><\/a>Neu im Datenbank-Infosystem (DBIS) nachgewiesen und \u00fcber das FU-Campusnetz abrufbar ist die Datenbank <a href=\"https:\/\/dbis.ur.de\/detail.php?titel_id=101379&amp;bib_id=fub\">Deutsch-j\u00fcdische Quellen aus Pal\u00e4stina \/ Israel<\/a>.<\/p>\n<p>Pal\u00e4stina bzw. nach 1948 Israel nimmt eine singul\u00e4re Rolle unter den Zielorten der deutsch-j\u00fcdischen Immigration ein. In Ans\u00e4tzen seit den Anf\u00e4ngen der zionistischen Siedlung um 1900, vor allem aber nach 1933 erschienen hier zahlreiche deutschsprachige Texte von bedeutenden Schriftstellern. Die Datenbank von De Gruyter erfasst \u00fcber Genregrenzen hinweg Schriften deutsch-j\u00fcdischer Immigranten, die zwischen 1890 und 2000 in Pal\u00e4stina bzw. Israel ver\u00f6ffentlicht wurden. Sie enth\u00e4lt ca. 1500 Eintr\u00e4ge, von denen \u00fcber 250 zu ihren Volltexten verlinkt werden. Zu den Volltexten z\u00e4hlen Werke von u. a. Schalom Ben-Chorin <em>(<a href=\"https:\/\/www.degruyter.com\/view\/QPI\/qpi_14\">Jerusalem Blackout<\/a>)<\/em>, David Ben-Gurion, Max Brod, Constantin Brunner, Sammy Gronemann (Autor von <a href=\"https:\/\/www.degruyter.com\/view\/QPI\/qpi_65\"><em>Der Weise und der Narr<\/em><\/a>, dem ersten hebr\u00e4ischen Musical in Israel), Theodor Herzl, Georg Landauer oder Else Lasker-Sch\u00fcler <em>(<a href=\"https:\/\/www.degruyter.com\/view\/QPI\/qpi_105\">Mein blaues Klavier<\/a>)<\/em>. Die Volltexte liegen als PDF-Dateien vor und k\u00f6nnen f\u00fcr den eigenen Gebrauch ausgedruckt bzw. abgespeichert werden.<\/p>\n<p>Daneben weist die Datenbank<\/p>\n<ul>\n<li>Schriften zu Pal\u00e4stina und Israel im politischen Kontext (z.B. britische Mandatspolitik, Einwanderung, \u00f6konomische Fragen)<\/li>\n<li>Vereinszeitschriften und Schriften politischer und kultureller Organisationen, wie z.B. Brosch\u00fcren der Arbeiterpartei (MAPAI), der Organisation f\u00fcr Einwanderer aus Deutschland oder des J\u00fcdischen Nationalfonds<\/li>\n<li>Texte des literarischen Kanons, etwa aus dem Umfeld des \u201eLiterarischen Salons\u201c in Tel Aviv (Ernst F. und Nadja Taussig)<\/li>\n<li>Wiederzuentdeckende Schriften aus dem Umfeld des \u201eVerbands deutschsprachiger Schriftsteller Israels\u201c<\/li>\n<li>Hektographien und Privatdrucke, die nur in Kleinstauflagen erschienen sind (etwa die Gedichtb\u00e4nde des Jerusalemer Peter Freund Verlags, darunter von <a href=\"https:\/\/www.degruyter.com\/view\/QPI\/qpi_148\">Manfred Sturmann<\/a> oder Paul M\u00fchsam)<\/li>\n<li>Seltene und vom Zerfall bedrohte Schriften<\/li>\n<\/ul>\n<p>nach. Mit Hilfe der Suchkategorie \u201eSachgebiete\u201c k\u00f6nnen gezielt Texte aus den Bereichen der Politik, Religion oder Literatur u. a. gefunden werden. Dazu kommen chronologische Recherchem\u00f6glichkeiten, die es dem Nutzer erlauben, einen \u00dcberblick etwa \u00fcber die politischen und kulturhistorischen Debatten spezieller Zeitabschnitte zu erarbeiten, Werke bestimmter Autoren zu recherchieren und Themen der Zeit anhand der Quellen zu studieren (z. B. zum Thema Einwanderung oder Verh\u00e4ltnis zur arabischen Bev\u00f6lkerung).<\/p>\n<h6>Der Infotext ist \u00fcberwiegend der Anbieterseite entnommen.<\/h6>\n","protected":false},"excerpt":{"rendered":"<p>Neu im Datenbank-Infosystem (DBIS) nachgewiesen und \u00fcber das FU-Campusnetz abrufbar ist die Datenbank Deutsch-j\u00fcdische Quellen aus Pal\u00e4stina \/ Israel. Pal\u00e4stina bzw. nach 1948 Israel nimmt eine singul\u00e4re Rolle unter den Zielorten der deutsch-j\u00fcdischen Immigration ein. In Ans\u00e4tzen seit den Anf\u00e4ngen der zionistischen Siedlung um 1900, vor allem aber nach 1933 erschienen hier zahlreiche deutschsprachige Texte &hellip; <a href=\"https:\/\/blogs.fu-berlin.de\/bibliotheken\/2016\/12\/21\/deutsch-juedische-quellen-aus-palaestinaisrael-online\/\" class=\"more-link\"><span class=\"screen-reader-text\">\u201eDeutsch-j\u00fcdische Quellen aus Pal\u00e4stina\/Israel online\u201c<\/span> weiterlesen<\/a><\/p>\n","protected":false},"author":293,"featured_media":0,"comment_status":"open","ping_status":"open","sticky":false,"template":"","format":"standard","meta":{"footnotes":""},"categories":[457,584805],"tags":[57564,692,471,18644,1542,451,41617,520],"class_list":["post-20267","post","type-post","status-publish","format-standard","hentry","category-digitale-bibliothek","category-was-ist-neu","tag-bibliografie","tag-de-gruyter","tag-geschichte","tag-israel","tag-kultur","tag-literatur","tag-palaestina","tag-volltexte"],"_links":{"self":[{"href":"https:\/\/blogs.fu-berlin.de\/bibliotheken\/wp-json\/wp\/v2\/posts\/20267","targetHints":{"allow":["GET"]}}],"collection":[{"href":"https:\/\/blogs.fu-berlin.de\/bibliotheken\/wp-json\/wp\/v2\/posts"}],"about":[{"href":"https:\/\/blogs.fu-berlin.de\/bibliotheken\/wp-json\/wp\/v2\/types\/post"}],"author":[{"embeddable":true,"href":"https:\/\/blogs.fu-berlin.de\/bibliotheken\/wp-json\/wp\/v2\/users\/293"}],"replies":[{"embeddable":true,"href":"https:\/\/blogs.fu-berlin.de\/bibliotheken\/wp-json\/wp\/v2\/comments?post=20267"}],"version-history":[{"count":5,"href":"https:\/\/blogs.fu-berlin.de\/bibliotheken\/wp-json\/wp\/v2\/posts\/20267\/revisions"}],"predecessor-version":[{"id":20821,"href":"https:\/\/blogs.fu-berlin.de\/bibliotheken\/wp-json\/wp\/v2\/posts\/20267\/revisions\/20821"}],"wp:attachment":[{"href":"https:\/\/blogs.fu-berlin.de\/bibliotheken\/wp-json\/wp\/v2\/media?parent=20267"}],"wp:term":[{"taxonomy":"category","embeddable":true,"href":"https:\/\/blogs.fu-berlin.de\/bibliotheken\/wp-json\/wp\/v2\/categories?post=20267"},{"taxonomy":"post_tag","embeddable":true,"href":"https:\/\/blogs.fu-berlin.de\/bibliotheken\/wp-json\/wp\/v2\/tags?post=20267"}],"curies":[{"name":"wp","href":"https:\/\/api.w.org\/{rel}","templated":true}]}}