{"id":20412,"date":"2017-01-12T10:00:38","date_gmt":"2017-01-12T09:00:38","guid":{"rendered":"https:\/\/blogs.fu-berlin.de\/bibliotheken\/?p=20412"},"modified":"2021-09-16T10:38:27","modified_gmt":"2021-09-16T09:38:27","slug":"wahl-des-neuen-praesidenten-des-europaeischen-parlaments","status":"publish","type":"post","link":"https:\/\/blogs.fu-berlin.de\/bibliotheken\/2017\/01\/12\/wahl-des-neuen-praesidenten-des-europaeischen-parlaments\/","title":{"rendered":"Wahl des neuen Pr\u00e4sidenten des Europ\u00e4ischen Parlaments"},"content":{"rendered":"\n<p><em><span class=\"has-inline-color has-bright-red-color\">Der Betrieb des \u201eDokumentationszentrums UN \u2013 EU\u201c wird eingestellt. Die entsprechende Literatur bleibt im Bestand und ist weiterhin zug\u00e4nglich.<\/span><\/em><\/p>\n\n\n<p><img loading=\"lazy\" decoding=\"async\" class=\"size-full wp-image-20415 alignright\" src=\"https:\/\/blogs.fu-berlin.de\/bibliotheken\/files\/2017\/01\/Votewatch-logo_2012.png\" alt=\"Logo VoteWatch\" width=\"182\" height=\"60\">Am 17. Januar wird Martin Schulz als Pr\u00e4sident des Europ\u00e4ischen Parlaments abgel\u00f6st. Von wem ist noch v\u00f6llig offen. Allerdings besteht die M\u00f6glichkeit, sich zur Wahl und auch sonst jederzeit ein Meinungsbild der Mitglieder des Europ\u00e4ischen Parlaments einzusehen.<\/p>\n<p><img loading=\"lazy\" decoding=\"async\" class=\"size-medium wp-image-20414 alignright\" src=\"https:\/\/blogs.fu-berlin.de\/bibliotheken\/files\/2017\/01\/Screenshot_2017-01-11-09-39-19-169x300.png\" alt=\"Screenshot der App von VoteWatch\" width=\"169\" height=\"300\" srcset=\"https:\/\/blogs.fu-berlin.de\/bibliotheken\/files\/2017\/01\/Screenshot_2017-01-11-09-39-19-169x300.png 169w, https:\/\/blogs.fu-berlin.de\/bibliotheken\/files\/2017\/01\/Screenshot_2017-01-11-09-39-19-768x1365.png 768w, https:\/\/blogs.fu-berlin.de\/bibliotheken\/files\/2017\/01\/Screenshot_2017-01-11-09-39-19.png 1080w\" sizes=\"auto, (max-width: 169px) 85vw, 169px\" \/><\/p>\n<p>Dazu kann man die Services der Non-Profit-Organisation VoteWatch nutzen.<\/p>\n<p>Neben einer Reihe <a href=\"https:\/\/www.votewatch.eu\/blog\/simulation-how-can-tajani-pittella-or-verhofstadt-become-ep-president\/\">Infografiken zur anstehenden Wahl<\/a>, die Aufgrund des Wahlverhaltens der einzelnen Abgeordneten der letzten zweieinhalb Jahre erstellt wurden, gibt es auch eine detaillierte Aufstellung zu einzelnen Parlamentsmitgliedern, Parteien und Abstimmungen. Diese sind auch schnell und einfach \u00fcber eine App f\u00fcr <a href=\"https:\/\/play.google.com\/store\/apps\/details?id=eu.votewatch.votewatch&amp;hl=de\">Android<\/a> und <a href=\"https:\/\/itunes.apple.com\/de\/app\/votewatch-europe\/id656535803?mt=8\">iOS<\/a> erreichbar.<\/p>\n<p>&nbsp;<\/p>\n<p>Unsere Literaturtipps dazu:<\/p>\n<p><i>Europ\u00e4isches Parlament : B\u00fcrgerhandbuch.<\/i><\/p>\n<p><strong>Standort: Lesesaal UN-EU; Signatur <span class=\"nextLine\">edz 4200 B928-8.2014\/19<\/span><\/strong><\/p>\n<p>&nbsp;<\/p>\n<p><i>The European Parliament \/ Richard Corbett, Francis Jacobs, Darren Neville.<\/i> 9th ed. 2016.<\/p>\n<p><strong>Standort: Lesesaal UN-EU; <span class=\"nextLine\">Signatur edz 4200 C789<\/span><br>\n<\/strong><\/p>\n<p>&nbsp;<\/p>\n<p><i>Wahlen Zum Europ\u00e4ischen Parlament \/ Wichard Woyke.<\/i> Redaktionsschluss [der Printausg.]: M\u00e4rz 2014 ed. BV039860494 25. Bonn : Roggentin: Bundeszentrale F\u00fcr Politische Bildung ; IBRo, 2014.<\/p>\n<p><strong>Standort: <a href=\"https:\/\/primo.fu-berlin.de\/FUB:FUB_ALMA_DS21874613450002883\">Geschlossenes Magazin, muss bestellt werden<\/a><\/strong><\/p>\n<p>&nbsp;<\/p>\n<p>Noch mehr Informationen zur EU bekommen Sie in unserem <a href=\"https:\/\/www.ub.fu-berlin.de\/bibliothek\/uneu\/\">Dokumentationszentrum&nbsp;UN-EU<\/a>.<\/p>","protected":false},"excerpt":{"rendered":"<p>Der Betrieb des \u201eDokumentationszentrums UN \u2013 EU\u201c wird eingestellt. Die entsprechende Literatur bleibt im Bestand und ist weiterhin zug\u00e4nglich. Am 17. Januar wird Martin Schulz als Pr\u00e4sident des Europ\u00e4ischen Parlaments abgel\u00f6st. Von wem ist noch v\u00f6llig offen. Allerdings besteht die M\u00f6glichkeit, sich zur Wahl und auch sonst jederzeit ein Meinungsbild der Mitglieder des Europ\u00e4ischen Parlaments &hellip; <a href=\"https:\/\/blogs.fu-berlin.de\/bibliotheken\/2017\/01\/12\/wahl-des-neuen-praesidenten-des-europaeischen-parlaments\/\" class=\"more-link\"><span class=\"screen-reader-text\">\u201eWahl des neuen Pr\u00e4sidenten des Europ\u00e4ischen Parlaments\u201c<\/span> weiterlesen<\/a><\/p>\n","protected":false},"author":343,"featured_media":0,"comment_status":"open","ping_status":"open","sticky":false,"template":"","format":"standard","meta":{"footnotes":""},"categories":[604,492],"tags":[2458,56944],"class_list":["post-20412","post","type-post","status-publish","format-standard","hentry","category-ins-netz-geschaut","category-literaturtipps","tag-dokumentationszentrum-un-eu","tag-europaeisches-parlament"],"_links":{"self":[{"href":"https:\/\/blogs.fu-berlin.de\/bibliotheken\/wp-json\/wp\/v2\/posts\/20412","targetHints":{"allow":["GET"]}}],"collection":[{"href":"https:\/\/blogs.fu-berlin.de\/bibliotheken\/wp-json\/wp\/v2\/posts"}],"about":[{"href":"https:\/\/blogs.fu-berlin.de\/bibliotheken\/wp-json\/wp\/v2\/types\/post"}],"author":[{"embeddable":true,"href":"https:\/\/blogs.fu-berlin.de\/bibliotheken\/wp-json\/wp\/v2\/users\/343"}],"replies":[{"embeddable":true,"href":"https:\/\/blogs.fu-berlin.de\/bibliotheken\/wp-json\/wp\/v2\/comments?post=20412"}],"version-history":[{"count":5,"href":"https:\/\/blogs.fu-berlin.de\/bibliotheken\/wp-json\/wp\/v2\/posts\/20412\/revisions"}],"predecessor-version":[{"id":29459,"href":"https:\/\/blogs.fu-berlin.de\/bibliotheken\/wp-json\/wp\/v2\/posts\/20412\/revisions\/29459"}],"wp:attachment":[{"href":"https:\/\/blogs.fu-berlin.de\/bibliotheken\/wp-json\/wp\/v2\/media?parent=20412"}],"wp:term":[{"taxonomy":"category","embeddable":true,"href":"https:\/\/blogs.fu-berlin.de\/bibliotheken\/wp-json\/wp\/v2\/categories?post=20412"},{"taxonomy":"post_tag","embeddable":true,"href":"https:\/\/blogs.fu-berlin.de\/bibliotheken\/wp-json\/wp\/v2\/tags?post=20412"}],"curies":[{"name":"wp","href":"https:\/\/api.w.org\/{rel}","templated":true}]}}