{"id":20462,"date":"2017-01-20T10:00:14","date_gmt":"2017-01-20T09:00:14","guid":{"rendered":"https:\/\/blogs.fu-berlin.de\/bibliotheken\/?p=20462"},"modified":"2021-09-16T10:37:37","modified_gmt":"2021-09-16T09:37:37","slug":"veranstaltungshinweis-europa-kontrovers","status":"publish","type":"post","link":"https:\/\/blogs.fu-berlin.de\/bibliotheken\/2017\/01\/20\/veranstaltungshinweis-europa-kontrovers\/","title":{"rendered":"Veranstaltungshinweis: EUROPA KONTROVERS"},"content":{"rendered":"\n<p><em><span class=\"has-inline-color has-bright-red-color\">Der Betrieb des \u201eDokumentationszentrums UN \u2013 EU\u201c wird eingestellt. Die entsprechende Literatur bleibt im Bestand und ist weiterhin zug\u00e4nglich.<\/span><\/em><\/p>\n\n\n<p style=\"text-align: justify\"><img loading=\"lazy\" decoding=\"async\" class=\"size-full wp-image-18872 alignright\" src=\"https:\/\/blogs.fu-berlin.de\/bibliotheken\/files\/2016\/01\/DG_Logo.jpg\" alt=\"DG_Logo\" width=\"186\" height=\"80\"> In Kooperation mit der Europabeauftragten des Bezirksamtes Marzahn-Hellersdorf, der Europ\u00e4ischen Akademie Berlin sowie der Europa-Union Berlin e.V. veranstaltet das Europ\u00e4ische Informationszentrum der Deutschen Gesellschaft e.V. im Rahmen der Veranstaltungsreihe EUROPA KONTROVERS die Podiumsdiskussion <strong>\u201eVon Berlin nach Br\u00fcssel &#8211; ist der Weg inzwischen zu weit?\u201c <\/strong><em>\u2013 Die Ergebnisse der Berliner Abgeordnetenhauswahl und deren Auswirkungen auf die k\u00fcnftige Europapolitik des Landes Berlin \u2013.<br>\n<\/em><\/p>\n<p style=\"text-align: justify\">Mit: Moderation <strong>Frau Dr. Andrea Despot<\/strong>, stellv. Leiterin der Europ\u00e4ischen Akademie Berlin<\/p>\n<p style=\"text-align: justify\">Ein kurzes Impulsreferat von <strong>Dr. Peter Matuschek<\/strong>, Leiter forsa. Sozial-, Politik-, Medien- und Meinungsforschung<\/p>\n<p style=\"text-align: justify\">Auf dem Podium:<\/p>\n<ul style=\"text-align: justify\">\n<li>Herr <strong>Carsten Schatz<\/strong>, MdA, europapolitischer Sprecher Fraktion Die LINKE<\/li>\n<li>Frau <strong>Silke Gebel, <\/strong>MdA, Fraktionsvorsitzende B\u201990\/Die Gr\u00fcnen<\/li>\n<li>Herr <strong>Dr. Hugh Bronson<\/strong>, MdA, europapolitischer Sprecher Fraktion AfD<\/li>\n<li>Herr <strong>Claudio Jupe <\/strong>MdA, europapolitischer Sprecher, Fraktion CDU (angefragt)<\/li>\n<li><strong>N.N<\/strong>., Mitglied des Abgeordnetenhauses, Fraktion SPD<\/li>\n<li>Herr <strong>Stefan F\u00f6rster<\/strong>, MdA, Fraktion FDP<\/li>\n<\/ul>\n<p style=\"text-align: justify\"><strong>Wann: <\/strong>Dienstag, dem 24. Januar 2017 18:00 Uhr<\/p>\n<p style=\"text-align: justify\"><strong>Wo: <\/strong>Rathaus K\u00f6penick (Ratssaal), Alt-K\u00f6penick 21, 12555 Berlin<\/p>\n<p style=\"text-align: justify\">Eine Teilnahme ist nur nach Anmeldung bis zum 22. Januar m\u00f6glich. Weitere Informationen finden Sie <a href=\"https:\/\/www.deutsche-gesellschaft-ev.de\/veranstaltungen\/europe-direct-veranstaltungen\/542-europa-kontrovers-von-berlin-nach-bruessel.html\">hier<\/a>.<\/p>\n<p style=\"text-align: justify\">Mehr Informationen zum Thema Europa finden Sie in unserem&nbsp;<a href=\"https:\/\/www.ub.fu-berlin.de\/bibliothek\/uneu\/\">Dokumentationszentrum&nbsp;UN-EU<\/a>.<\/p>","protected":false},"excerpt":{"rendered":"<p>Der Betrieb des \u201eDokumentationszentrums UN \u2013 EU\u201c wird eingestellt. Die entsprechende Literatur bleibt im Bestand und ist weiterhin zug\u00e4nglich. In Kooperation mit der Europabeauftragten des Bezirksamtes Marzahn-Hellersdorf, der Europ\u00e4ischen Akademie Berlin sowie der Europa-Union Berlin e.V. veranstaltet das Europ\u00e4ische Informationszentrum der Deutschen Gesellschaft e.V. im Rahmen der Veranstaltungsreihe EUROPA KONTROVERS die Podiumsdiskussion \u201eVon Berlin nach &hellip; <a href=\"https:\/\/blogs.fu-berlin.de\/bibliotheken\/2017\/01\/20\/veranstaltungshinweis-europa-kontrovers\/\" class=\"more-link\"><span class=\"screen-reader-text\">\u201eVeranstaltungshinweis: EUROPA KONTROVERS\u201c<\/span> weiterlesen<\/a><\/p>\n","protected":false},"author":343,"featured_media":0,"comment_status":"open","ping_status":"open","sticky":false,"template":"","format":"standard","meta":{"footnotes":""},"categories":[604],"tags":[187968,2458,187967,1977],"class_list":["post-20462","post","type-post","status-publish","format-standard","hentry","category-ins-netz-geschaut","tag-deutsche-gesellschaft-e-v","tag-dokumentationszentrum-un-eu","tag-europa-kontrovers","tag-europaische-union"],"_links":{"self":[{"href":"https:\/\/blogs.fu-berlin.de\/bibliotheken\/wp-json\/wp\/v2\/posts\/20462","targetHints":{"allow":["GET"]}}],"collection":[{"href":"https:\/\/blogs.fu-berlin.de\/bibliotheken\/wp-json\/wp\/v2\/posts"}],"about":[{"href":"https:\/\/blogs.fu-berlin.de\/bibliotheken\/wp-json\/wp\/v2\/types\/post"}],"author":[{"embeddable":true,"href":"https:\/\/blogs.fu-berlin.de\/bibliotheken\/wp-json\/wp\/v2\/users\/343"}],"replies":[{"embeddable":true,"href":"https:\/\/blogs.fu-berlin.de\/bibliotheken\/wp-json\/wp\/v2\/comments?post=20462"}],"version-history":[{"count":6,"href":"https:\/\/blogs.fu-berlin.de\/bibliotheken\/wp-json\/wp\/v2\/posts\/20462\/revisions"}],"predecessor-version":[{"id":29455,"href":"https:\/\/blogs.fu-berlin.de\/bibliotheken\/wp-json\/wp\/v2\/posts\/20462\/revisions\/29455"}],"wp:attachment":[{"href":"https:\/\/blogs.fu-berlin.de\/bibliotheken\/wp-json\/wp\/v2\/media?parent=20462"}],"wp:term":[{"taxonomy":"category","embeddable":true,"href":"https:\/\/blogs.fu-berlin.de\/bibliotheken\/wp-json\/wp\/v2\/categories?post=20462"},{"taxonomy":"post_tag","embeddable":true,"href":"https:\/\/blogs.fu-berlin.de\/bibliotheken\/wp-json\/wp\/v2\/tags?post=20462"}],"curies":[{"name":"wp","href":"https:\/\/api.w.org\/{rel}","templated":true}]}}