{"id":20464,"date":"2017-01-24T09:30:15","date_gmt":"2017-01-24T08:30:15","guid":{"rendered":"https:\/\/blogs.fu-berlin.de\/bibliotheken\/?p=20464"},"modified":"2021-09-17T12:56:42","modified_gmt":"2021-09-17T11:56:42","slug":"30-jahre-erasmus","status":"publish","type":"post","link":"https:\/\/blogs.fu-berlin.de\/bibliotheken\/2017\/01\/24\/30-jahre-erasmus\/","title":{"rendered":"30 Jahre Erasmus+"},"content":{"rendered":"\n<p><em><span class=\"has-inline-color has-bright-red-color\">Der Betrieb des \u201eDokumentationszentrums UN \u2013 EU\u201c wird eingestellt. Die entsprechende Literatur bleibt im Bestand und ist weiterhin zug\u00e4nglich.<\/span><\/em><\/p>\n\n\n<p style=\"text-align: justify\"><img loading=\"lazy\" decoding=\"async\" class=\" wp-image-20503 alignright\" src=\"https:\/\/blogs.fu-berlin.de\/bibliotheken\/files\/2017\/01\/erasmus-banner-twitter-profile-400x400-DE-72dpi-300x300.jpg\" alt=\"30 Jahre Erasmus+ Logo\" width=\"217\" height=\"217\" srcset=\"https:\/\/blogs.fu-berlin.de\/bibliotheken\/files\/2017\/01\/erasmus-banner-twitter-profile-400x400-DE-72dpi-300x300.jpg 300w, https:\/\/blogs.fu-berlin.de\/bibliotheken\/files\/2017\/01\/erasmus-banner-twitter-profile-400x400-DE-72dpi-150x150.jpg 150w, https:\/\/blogs.fu-berlin.de\/bibliotheken\/files\/2017\/01\/erasmus-banner-twitter-profile-400x400-DE-72dpi.jpg 400w\" sizes=\"auto, (max-width: 217px) 85vw, 217px\" \/>Bereits eine Vielzahl an Studierenden, aber auch Auszubildenden der Freien Universit\u00e4t Berlin haben in der Vergangenheit die M\u00f6glichkeit genutzt, mit dem F\u00f6rderprogramm <a href=\"https:\/\/ec.europa.eu\/programmes\/erasmus-plus\/node_de\">Erasmus+<\/a> einige Erfahrungen im Europ\u00e4ischen Ausland zu sammeln. Das Programm stammt von der Europ\u00e4ischen Kommission, und wird hierzulande durch die Kultusministerkonferenz und die Bundesministerien f\u00fcr Bildung und Forschung sowie Familie, Senioren, Frauen und Jugend unterst\u00fctzt.<\/p>\n<p style=\"text-align: justify\">In diesem Jahr feiert das Erasmus-Programm sein <a href=\"https:\/\/ec.europa.eu\/programmes\/erasmus-plus\/anniversary_de\">30-j\u00e4hriges Jubil\u00e4um<\/a>. Es wird noch mindestens bis 2020 laufen und vielen Menschen die Chance auf Auslandserfahrung und somit auch potentielle bessere Chancen auf dem Arbeitsmarkt bieten sowie die M\u00f6glichkeit, andere Sprachen, Kulturen und Konzepte kennenzulernen. Und dies nicht nur f\u00fcr Menschen, die sich in der Ausbildung befinden, sondern auch die, die Ausbildung durchf\u00fchren. Ein Blick auf die Website lohnt sich, um schnell mehr f\u00fcr den pers\u00f6nliche Unterst\u00fctzung zu erfahren.<\/p>\n<p style=\"text-align: justify\">Im vergangenen Jahr waren zwei Auszubildende der Universit\u00e4tsbibliothek mit Erasmus+ f\u00fcr acht Wochen in Schottland, genauer in <a href=\"https:\/\/thescottishwayoflife.wordpress.com\/\">Glasgow<\/a> und in <a href=\"https:\/\/checkingoutedinburgh.tumblr.com\/\">Edinburgh<\/a>.<\/p>\n<p style=\"text-align: justify\">Mehr Informationen zum Thema Europa finden Sie in unserem&nbsp;<a href=\"https:\/\/www.ub.fu-berlin.de\/bibliothek\/uneu\/\">Dokumentationszentrum&nbsp;UN-EU<\/a>.<\/p>","protected":false},"excerpt":{"rendered":"<p>Der Betrieb des \u201eDokumentationszentrums UN \u2013 EU\u201c wird eingestellt. Die entsprechende Literatur bleibt im Bestand und ist weiterhin zug\u00e4nglich. Bereits eine Vielzahl an Studierenden, aber auch Auszubildenden der Freien Universit\u00e4t Berlin haben in der Vergangenheit die M\u00f6glichkeit genutzt, mit dem F\u00f6rderprogramm Erasmus+ einige Erfahrungen im Europ\u00e4ischen Ausland zu sammeln. Das Programm stammt von der Europ\u00e4ischen &hellip; <a href=\"https:\/\/blogs.fu-berlin.de\/bibliotheken\/2017\/01\/24\/30-jahre-erasmus\/\" class=\"more-link\"><span class=\"screen-reader-text\">\u201e30 Jahre Erasmus+\u201c<\/span> weiterlesen<\/a><\/p>\n","protected":false},"author":343,"featured_media":0,"comment_status":"open","ping_status":"open","sticky":false,"template":"","format":"standard","meta":{"footnotes":""},"categories":[604],"tags":[2458,1301,56945],"class_list":["post-20464","post","type-post","status-publish","format-standard","hentry","category-ins-netz-geschaut","tag-dokumentationszentrum-un-eu","tag-erasmus","tag-europaeische-kommission"],"_links":{"self":[{"href":"https:\/\/blogs.fu-berlin.de\/bibliotheken\/wp-json\/wp\/v2\/posts\/20464","targetHints":{"allow":["GET"]}}],"collection":[{"href":"https:\/\/blogs.fu-berlin.de\/bibliotheken\/wp-json\/wp\/v2\/posts"}],"about":[{"href":"https:\/\/blogs.fu-berlin.de\/bibliotheken\/wp-json\/wp\/v2\/types\/post"}],"author":[{"embeddable":true,"href":"https:\/\/blogs.fu-berlin.de\/bibliotheken\/wp-json\/wp\/v2\/users\/343"}],"replies":[{"embeddable":true,"href":"https:\/\/blogs.fu-berlin.de\/bibliotheken\/wp-json\/wp\/v2\/comments?post=20464"}],"version-history":[{"count":9,"href":"https:\/\/blogs.fu-berlin.de\/bibliotheken\/wp-json\/wp\/v2\/posts\/20464\/revisions"}],"predecessor-version":[{"id":29703,"href":"https:\/\/blogs.fu-berlin.de\/bibliotheken\/wp-json\/wp\/v2\/posts\/20464\/revisions\/29703"}],"wp:attachment":[{"href":"https:\/\/blogs.fu-berlin.de\/bibliotheken\/wp-json\/wp\/v2\/media?parent=20464"}],"wp:term":[{"taxonomy":"category","embeddable":true,"href":"https:\/\/blogs.fu-berlin.de\/bibliotheken\/wp-json\/wp\/v2\/categories?post=20464"},{"taxonomy":"post_tag","embeddable":true,"href":"https:\/\/blogs.fu-berlin.de\/bibliotheken\/wp-json\/wp\/v2\/tags?post=20464"}],"curies":[{"name":"wp","href":"https:\/\/api.w.org\/{rel}","templated":true}]}}