{"id":20618,"date":"2017-02-21T13:00:36","date_gmt":"2017-02-21T12:00:36","guid":{"rendered":"https:\/\/blogs.fu-berlin.de\/bibliotheken\/?p=20618"},"modified":"2021-09-16T10:34:57","modified_gmt":"2021-09-16T09:34:57","slug":"eu-urheberrecht-selber-mitgestalten","status":"publish","type":"post","link":"https:\/\/blogs.fu-berlin.de\/bibliotheken\/2017\/02\/21\/eu-urheberrecht-selber-mitgestalten\/","title":{"rendered":"EU-Urheberrecht selber mitgestalten"},"content":{"rendered":"\n<p><em><span class=\"has-inline-color has-bright-red-color\">Der Betrieb des \u201eDokumentationszentrums UN \u2013 EU\u201c wird eingestellt. Die entsprechende Literatur bleibt im Bestand und ist weiterhin zug\u00e4nglich.<\/span><\/em><\/p>\n\n\n<p>Das Urheberrecht besch\u00e4ftigt viele Menschen in Ihrem Leben mal. Gerade an einer Universit\u00e4t kommen sowohl Studierende, als auch Besch\u00e4ftigte damit in Kontakt bzw. m\u00fcssen sich damit auseinandersetzen. Aber auch im privaten Bereich setzt das Urheberrecht Schranken, zum Beispiel beim Geoblocking von Streamingdiensten oder Online-Spielen. Auch wenn in diesem Bereich gerade erst ein Vorsto\u00df erzielt wurde und eine <a href=\"https:\/\/www.consilium.europa.eu\/de\/press\/press-releases\/2017\/02\/07-portability-digital-content-services\/\">Einigung zwischen EU-Ratsvorsitz und Europ\u00e4ischen Parlament zur Portabiblit\u00e4t von Online-Inhaltediensten<\/a> erreicht wurde, ist noch viel zu tun.<\/p>\n<p>Fest steht, dass es eine <strong>EU-Urheberrechtsreform<\/strong> geben wird. Es gibt auch bereits einige Reformvorschl\u00e4ge, die aber f\u00fcr viele Menschen nicht akzeptabel sind.<\/p>\n<p>Was genau die EU-Urheberrechtsreform bedeutet und wie man selbst etwas dazu beitragen kann, das kann man bei der Auftaktveranstaltung am 2. M\u00e4rz erfahren. Diese Veranstaltung wird ausgerichtet von Wikimedia und Mozilla und findet im B\u00fcro der Wikimedia Deutschland statt.<\/p>\n<p>Zusammen mit der EU-Parlamentarieren <a href=\"https:\/\/juliareda.eu\/de\/\">Julia Reda<\/a> und weiteren Experten k\u00f6nnen da am Abend ab 18.30 Uhr Aktivit\u00e4ten rund um die Urheberrechtsreform geplant werden.<\/p>\n<p>Weitere Information und die M\u00f6glichkeit zur kostenfreien Anmeldung finden sich <a href=\"https:\/\/ti.to\/wikimedia-germany-copyright\/eu-urheberrechtsreform-erklart\">hier<\/a>. Sollte man nicht vor Ort sein k\u00f6nnen, wird die Veranstaltung aufgenommen und im Anschluss auf der Seite bereitgestellt.<\/p>\n<p>Noch mehr Informationen zur EU bekommen Sie in unserem <a href=\"https:\/\/www.ub.fu-berlin.de\/bibliothek\/uneu\/\">Dokumentationszentrum&nbsp;UN-EU<\/a>.<\/p>\n<p>&nbsp;<\/p>","protected":false},"excerpt":{"rendered":"<p>Der Betrieb des \u201eDokumentationszentrums UN \u2013 EU\u201c wird eingestellt. Die entsprechende Literatur bleibt im Bestand und ist weiterhin zug\u00e4nglich. Das Urheberrecht besch\u00e4ftigt viele Menschen in Ihrem Leben mal. Gerade an einer Universit\u00e4t kommen sowohl Studierende, als auch Besch\u00e4ftigte damit in Kontakt bzw. m\u00fcssen sich damit auseinandersetzen. Aber auch im privaten Bereich setzt das Urheberrecht Schranken, &hellip; <a href=\"https:\/\/blogs.fu-berlin.de\/bibliotheken\/2017\/02\/21\/eu-urheberrecht-selber-mitgestalten\/\" class=\"more-link\"><span class=\"screen-reader-text\">\u201eEU-Urheberrecht selber mitgestalten\u201c<\/span> weiterlesen<\/a><\/p>\n","protected":false},"author":343,"featured_media":0,"comment_status":"open","ping_status":"open","sticky":false,"template":"","format":"standard","meta":{"footnotes":""},"categories":[604],"tags":[2458,1977,187989],"class_list":["post-20618","post","type-post","status-publish","format-standard","hentry","category-ins-netz-geschaut","tag-dokumentationszentrum-un-eu","tag-europaische-union","tag-urheber"],"_links":{"self":[{"href":"https:\/\/blogs.fu-berlin.de\/bibliotheken\/wp-json\/wp\/v2\/posts\/20618","targetHints":{"allow":["GET"]}}],"collection":[{"href":"https:\/\/blogs.fu-berlin.de\/bibliotheken\/wp-json\/wp\/v2\/posts"}],"about":[{"href":"https:\/\/blogs.fu-berlin.de\/bibliotheken\/wp-json\/wp\/v2\/types\/post"}],"author":[{"embeddable":true,"href":"https:\/\/blogs.fu-berlin.de\/bibliotheken\/wp-json\/wp\/v2\/users\/343"}],"replies":[{"embeddable":true,"href":"https:\/\/blogs.fu-berlin.de\/bibliotheken\/wp-json\/wp\/v2\/comments?post=20618"}],"version-history":[{"count":6,"href":"https:\/\/blogs.fu-berlin.de\/bibliotheken\/wp-json\/wp\/v2\/posts\/20618\/revisions"}],"predecessor-version":[{"id":29443,"href":"https:\/\/blogs.fu-berlin.de\/bibliotheken\/wp-json\/wp\/v2\/posts\/20618\/revisions\/29443"}],"wp:attachment":[{"href":"https:\/\/blogs.fu-berlin.de\/bibliotheken\/wp-json\/wp\/v2\/media?parent=20618"}],"wp:term":[{"taxonomy":"category","embeddable":true,"href":"https:\/\/blogs.fu-berlin.de\/bibliotheken\/wp-json\/wp\/v2\/categories?post=20618"},{"taxonomy":"post_tag","embeddable":true,"href":"https:\/\/blogs.fu-berlin.de\/bibliotheken\/wp-json\/wp\/v2\/tags?post=20618"}],"curies":[{"name":"wp","href":"https:\/\/api.w.org\/{rel}","templated":true}]}}