{"id":20625,"date":"2017-02-23T14:00:29","date_gmt":"2017-02-23T13:00:29","guid":{"rendered":"https:\/\/blogs.fu-berlin.de\/bibliotheken\/?p=20625"},"modified":"2021-09-17T12:56:00","modified_gmt":"2021-09-17T11:56:00","slug":"open-access-bei-der-esa","status":"publish","type":"post","link":"https:\/\/blogs.fu-berlin.de\/bibliotheken\/2017\/02\/23\/open-access-bei-der-esa\/","title":{"rendered":"Open Access bei der ESA"},"content":{"rendered":"\n<p><em><span class=\"has-inline-color has-bright-red-color\">Der Betrieb des \u201eDokumentationszentrums UN \u2013 EU\u201c wird eingestellt. Die entsprechende Literatur bleibt im Bestand und ist weiterhin zug\u00e4nglich.<\/span><\/em><\/p>\n\n\n<p><figure id=\"attachment_20626\" aria-describedby=\"caption-attachment-20626\" style=\"width: 300px\" class=\"wp-caption alignright\"><img loading=\"lazy\" decoding=\"async\" class=\"size-medium wp-image-20626\" src=\"https:\/\/blogs.fu-berlin.de\/bibliotheken\/files\/2017\/02\/OSIRIS_Mars_true_color-300x300.jpg\" alt=\"Der Mars aus Sicht der OSIRIS Kamera an Board von Rosetta (2007). Credit: ESA &amp; MPS for OSIRIS Team MPS\/UPD\/LAM\/IAA\/RSSD\/INTA\/UPM\/DASP\/IDA, 2007, CC BY-SA 3.0 IGO \" width=\"300\" height=\"300\" srcset=\"https:\/\/blogs.fu-berlin.de\/bibliotheken\/files\/2017\/02\/OSIRIS_Mars_true_color-300x300.jpg 300w, https:\/\/blogs.fu-berlin.de\/bibliotheken\/files\/2017\/02\/OSIRIS_Mars_true_color-150x150.jpg 150w, https:\/\/blogs.fu-berlin.de\/bibliotheken\/files\/2017\/02\/OSIRIS_Mars_true_color-768x768.jpg 768w\" sizes=\"auto, (max-width: 300px) 85vw, 300px\" \/><figcaption id=\"caption-attachment-20626\" class=\"wp-caption-text\">Der Mars aus Sicht der OSIRIS Kamera an Board der Raumsonde Rosetta (2007). Credit: ESA &amp; MPS f\u00fcr das OSIRIS Team MPS\/UPD\/LAM\/IAA\/RSSD\/INTA\/UPM\/DASP\/IDA, 2007, <a href=\"https:\/\/creativecommons.org\/licenses\/by-sa\/3.0\/igo\/\">CC BY-SA 3.0 IGO<\/a><\/figcaption><\/figure><\/p>\n<p style=\"text-align: justify\">Die European Space Agency (ESA) m\u00f6chte den Mitgliedststaaten ein besseres Verst\u00e4ndnis f\u00fcr ihre Arbeit geben. Daher ver\u00f6ffentlicht sie unter Verwendung der extra f\u00fcr die Nutzung durch zwischenstaatliche Organisationen geschaffenen, Open Access-kompatiblen Lizenz: &#8222;Creative Commons Namensnennung \u2013 Weitergabe unter gleichen Bedingungen 3.0 IGO&#8220; (CC BY-SA 3.0 IGO). Diese Lizenz erm\u00f6glicht es beispielsweise auch, Bildmaterial in der Mediendatenbank Wikimedia Commons zu verwenden. Die Ver\u00f6ffentlichung von Materialien mit dieser Lizenz wurde bereits in den vergangenen zwei Jahre bei der ESA getestet.<\/p>\n<p style=\"text-align: justify\">Die vereinfachte M\u00f6glichkeit der Weiterverwendung des Bildmaterials soll die Beziehung zwischen \u00d6ffentlichkeit und ESA verbessern. Dieser Schritt geh\u00f6rt zum ESA-Konzept Space 4.0. In der Anfangsphase von Open Access bei der ESA kann nur Material zur Verf\u00fcgung gestellt werden, dass entweder zu 100% der ESA geh\u00f6rt. Ein Gro\u00dfteil der Inhalte, die bei der ESA enstehen, sind aber unter Zusammenarbeit mit Partnern aus der Industrie und Wissenschaft erstellt worden. F\u00fcr diese m\u00fcssen erst die Rechte Dritter gekl\u00e4rt werden. Dies ist bisher nur bei einem kleinen Teil der Fall.<\/p>\n<p style=\"text-align: justify\">Mehr Informationen zu dem Open Access-Programm gibt es <a href=\"https:\/\/www.esa.int\/ger\/For_Media\/Press_Releases\/Open_Access_ESA_bekraeftigt_Strategie_des_offenen_Zugangs_fuer_Bilder_Videos_und_Daten\">hier<\/a>.<\/p>\n<p>Vielleicht sind auf den Bilder auch auch irgendwann die neuen Kolonien im System von <a href=\"https:\/\/www.nasa.gov\/press-release\/nasa-telescope-reveals-largest-batch-of-earth-size-habitable-zone-planets-around\">TRAPPIST-1<\/a> zu sehen.<\/p>\n<p>&nbsp;<\/p>\n<p>Noch mehr Informationen zur EU bekommen Sie in unserem <a href=\"https:\/\/www.ub.fu-berlin.de\/bibliothek\/uneu\/\">Dokumentationszentrum&nbsp;UN-EU<\/a>.<\/p>","protected":false},"excerpt":{"rendered":"<p>Der Betrieb des \u201eDokumentationszentrums UN \u2013 EU\u201c wird eingestellt. Die entsprechende Literatur bleibt im Bestand und ist weiterhin zug\u00e4nglich. Die European Space Agency (ESA) m\u00f6chte den Mitgliedststaaten ein besseres Verst\u00e4ndnis f\u00fcr ihre Arbeit geben. Daher ver\u00f6ffentlicht sie unter Verwendung der extra f\u00fcr die Nutzung durch zwischenstaatliche Organisationen geschaffenen, Open Access-kompatiblen Lizenz: &#8222;Creative Commons Namensnennung \u2013 &hellip; <a href=\"https:\/\/blogs.fu-berlin.de\/bibliotheken\/2017\/02\/23\/open-access-bei-der-esa\/\" class=\"more-link\"><span class=\"screen-reader-text\">\u201eOpen Access bei der ESA\u201c<\/span> weiterlesen<\/a><\/p>\n","protected":false},"author":343,"featured_media":0,"comment_status":"open","ping_status":"open","sticky":false,"template":"","format":"standard","meta":{"footnotes":""},"categories":[604],"tags":[2458,1977],"class_list":["post-20625","post","type-post","status-publish","format-standard","hentry","category-ins-netz-geschaut","tag-dokumentationszentrum-un-eu","tag-europaische-union"],"_links":{"self":[{"href":"https:\/\/blogs.fu-berlin.de\/bibliotheken\/wp-json\/wp\/v2\/posts\/20625","targetHints":{"allow":["GET"]}}],"collection":[{"href":"https:\/\/blogs.fu-berlin.de\/bibliotheken\/wp-json\/wp\/v2\/posts"}],"about":[{"href":"https:\/\/blogs.fu-berlin.de\/bibliotheken\/wp-json\/wp\/v2\/types\/post"}],"author":[{"embeddable":true,"href":"https:\/\/blogs.fu-berlin.de\/bibliotheken\/wp-json\/wp\/v2\/users\/343"}],"replies":[{"embeddable":true,"href":"https:\/\/blogs.fu-berlin.de\/bibliotheken\/wp-json\/wp\/v2\/comments?post=20625"}],"version-history":[{"count":7,"href":"https:\/\/blogs.fu-berlin.de\/bibliotheken\/wp-json\/wp\/v2\/posts\/20625\/revisions"}],"predecessor-version":[{"id":29699,"href":"https:\/\/blogs.fu-berlin.de\/bibliotheken\/wp-json\/wp\/v2\/posts\/20625\/revisions\/29699"}],"wp:attachment":[{"href":"https:\/\/blogs.fu-berlin.de\/bibliotheken\/wp-json\/wp\/v2\/media?parent=20625"}],"wp:term":[{"taxonomy":"category","embeddable":true,"href":"https:\/\/blogs.fu-berlin.de\/bibliotheken\/wp-json\/wp\/v2\/categories?post=20625"},{"taxonomy":"post_tag","embeddable":true,"href":"https:\/\/blogs.fu-berlin.de\/bibliotheken\/wp-json\/wp\/v2\/tags?post=20625"}],"curies":[{"name":"wp","href":"https:\/\/api.w.org\/{rel}","templated":true}]}}