{"id":20632,"date":"2017-03-16T10:00:10","date_gmt":"2017-03-16T09:00:10","guid":{"rendered":"https:\/\/blogs.fu-berlin.de\/bibliotheken\/?p=20632"},"modified":"2021-09-17T12:53:39","modified_gmt":"2021-09-17T11:53:39","slug":"mit-studierenden-marschieren","status":"publish","type":"post","link":"https:\/\/blogs.fu-berlin.de\/bibliotheken\/2017\/03\/16\/mit-studierenden-marschieren\/","title":{"rendered":"Mit Studierenden marschieren"},"content":{"rendered":"\n<p><em><span class=\"has-inline-color has-bright-red-color\">Der Betrieb des \u201eDokumentationszentrums UN \u2013 EU\u201c wird eingestellt. Die entsprechende Literatur bleibt im Bestand und ist weiterhin zug\u00e4nglich.<\/span><\/em><\/p>\n\n\n<p style=\"text-align: justify\">In diesem Jahr feiern die R\u00f6mischen Vertr\u00e4ge ihr 60-j\u00e4hriges Jubili\u00e4um. Aus diesem Anlass laden Studierende des Postgraduierten Studiengang Europawissenschaften mit weiteren Kooperationspartnern zum <strong><a href=\"https:\/\/www.europa-union-berlin.de\/aktivitaeten\/veranstaltungen\/march-for-europe-berlin\/\">March for Europe Berlin<\/a> am 25.3., 12 Uhr<\/strong> ein. Mit dabei sind die <a href=\"https:\/\/www.europa-union-berlin.de\/\">Europa-Union-Berlin<\/a>, der <a class=\"external-link-new-window\" title=\"Opens internal link in current window\" href=\"https:\/\/www.europa-union.de\/\" target=\"_blank&quot; class=&quot;external-link\" rel=\"noopener noreferrer\">Bundesverband Europa-Union Deutschland e.V. (EUD)<\/a>, der Jugendverband der <a class=\"external-link-new-window\" title=\"Opens internal link in current window\" href=\"https:\/\/www.jeb-bb.de\" target=\"_blank&quot; class=&quot;external-link\" rel=\"noopener noreferrer\">Jungen Europ\u00e4ischen Bewegung Berlin-Brandenburg e.V. (JEB)<\/a>, die pro-europ\u00e4ische Kampagne <a class=\"external-link-new-window\" title=\"Opens internal link in current window\" href=\"https:\/\/theeuropeanmoment.eu\/\" target=\"_blank&quot; class=&quot;external-link\" rel=\"noopener noreferrer\">The European Moment<\/a> sowie die Studentenorganisation <a class=\"external-link-new-window\" title=\"Opens internal link in current window\" href=\"https:\/\/www.facebook.com\/AegeeBerlin\/?fref=ts\" target=\"_blank&quot; class=&quot;external-link\" rel=\"noopener noreferrer\">AEGEE Berlin<\/a>. Die Veranstaltung findet zeitgleich zum March for Europe in Rom statt, welcher von der Union Europ\u00e4ischer F\u00f6deralisten (UEF) gemeinsam mit dem European Movement International (EMI), den Jungen Europ\u00e4ischen F\u00f6deralisten (JEF) und Stand Up for Europe organisiert wird.<\/p>\n<p style=\"text-align: justify\">Die Berliner Veranstaltung ist als Demonstration mit anschlie\u00dfender Kundgebung geplant. Gestartet wird um 12 Uhr am Bebelplatz in Berlin-Mitte. Weitere Informationen gibt es <a href=\"https:\/\/www.europa-union-berlin.de\/aktivitaeten\/veranstaltungen\/march-for-europe-berlin\/\">hier<\/a>.<\/p>\n<p><a href=\"https:\/\/www.facebook.com\/MarchforEuropeBerlin\">#MarchforEurope auf Facebook<\/a><\/p>\n<p>Noch mehr Informationen zur EU bekommen Sie in unserem <a href=\"https:\/\/www.ub.fu-berlin.de\/bibliothek\/uneu\/\">Dokumentationszentrum&nbsp;UN-EU<\/a>.<\/p>","protected":false},"excerpt":{"rendered":"<p>Der Betrieb des \u201eDokumentationszentrums UN \u2013 EU\u201c wird eingestellt. Die entsprechende Literatur bleibt im Bestand und ist weiterhin zug\u00e4nglich. In diesem Jahr feiern die R\u00f6mischen Vertr\u00e4ge ihr 60-j\u00e4hriges Jubili\u00e4um. Aus diesem Anlass laden Studierende des Postgraduierten Studiengang Europawissenschaften mit weiteren Kooperationspartnern zum March for Europe Berlin am 25.3., 12 Uhr ein. Mit dabei sind die &hellip; <a href=\"https:\/\/blogs.fu-berlin.de\/bibliotheken\/2017\/03\/16\/mit-studierenden-marschieren\/\" class=\"more-link\"><span class=\"screen-reader-text\">\u201eMit Studierenden marschieren\u201c<\/span> weiterlesen<\/a><\/p>\n","protected":false},"author":343,"featured_media":0,"comment_status":"open","ping_status":"open","sticky":false,"template":"","format":"standard","meta":{"footnotes":""},"categories":[70],"tags":[2458,187991,187990],"class_list":["post-20632","post","type-post","status-publish","format-standard","hentry","category-veranstaltungen","tag-dokumentationszentrum-un-eu","tag-europawissenschaften","tag-roemische-vertraege"],"_links":{"self":[{"href":"https:\/\/blogs.fu-berlin.de\/bibliotheken\/wp-json\/wp\/v2\/posts\/20632","targetHints":{"allow":["GET"]}}],"collection":[{"href":"https:\/\/blogs.fu-berlin.de\/bibliotheken\/wp-json\/wp\/v2\/posts"}],"about":[{"href":"https:\/\/blogs.fu-berlin.de\/bibliotheken\/wp-json\/wp\/v2\/types\/post"}],"author":[{"embeddable":true,"href":"https:\/\/blogs.fu-berlin.de\/bibliotheken\/wp-json\/wp\/v2\/users\/343"}],"replies":[{"embeddable":true,"href":"https:\/\/blogs.fu-berlin.de\/bibliotheken\/wp-json\/wp\/v2\/comments?post=20632"}],"version-history":[{"count":5,"href":"https:\/\/blogs.fu-berlin.de\/bibliotheken\/wp-json\/wp\/v2\/posts\/20632\/revisions"}],"predecessor-version":[{"id":29693,"href":"https:\/\/blogs.fu-berlin.de\/bibliotheken\/wp-json\/wp\/v2\/posts\/20632\/revisions\/29693"}],"wp:attachment":[{"href":"https:\/\/blogs.fu-berlin.de\/bibliotheken\/wp-json\/wp\/v2\/media?parent=20632"}],"wp:term":[{"taxonomy":"category","embeddable":true,"href":"https:\/\/blogs.fu-berlin.de\/bibliotheken\/wp-json\/wp\/v2\/categories?post=20632"},{"taxonomy":"post_tag","embeddable":true,"href":"https:\/\/blogs.fu-berlin.de\/bibliotheken\/wp-json\/wp\/v2\/tags?post=20632"}],"curies":[{"name":"wp","href":"https:\/\/api.w.org\/{rel}","templated":true}]}}