{"id":20706,"date":"2017-03-24T11:00:02","date_gmt":"2017-03-24T10:00:02","guid":{"rendered":"https:\/\/blogs.fu-berlin.de\/bibliotheken\/?p=20706"},"modified":"2021-09-17T12:51:22","modified_gmt":"2021-09-17T11:51:22","slug":"60-jahre-roemische-vertraege","status":"publish","type":"post","link":"https:\/\/blogs.fu-berlin.de\/bibliotheken\/2017\/03\/24\/60-jahre-roemische-vertraege\/","title":{"rendered":"60 Jahre R\u00f6mische Vertr\u00e4ge"},"content":{"rendered":"\n<p><em><span class=\"has-inline-color has-bright-red-color\">Der Betrieb des \u201eDokumentationszentrums UN \u2013 EU\u201c wird eingestellt. Die entsprechende Literatur bleibt im Bestand und ist weiterhin zug\u00e4nglich.<\/span><\/em><\/p>\n\n\n<p style=\"text-align: justify\"><img loading=\"lazy\" decoding=\"async\" class=\"size-medium wp-image-20707 alignright\" src=\"https:\/\/blogs.fu-berlin.de\/bibliotheken\/files\/2017\/03\/top1_760x370-300x146.jpg\" alt=\"#EU60 Logo\" width=\"300\" height=\"146\" srcset=\"https:\/\/blogs.fu-berlin.de\/bibliotheken\/files\/2017\/03\/top1_760x370-300x146.jpg 300w, https:\/\/blogs.fu-berlin.de\/bibliotheken\/files\/2017\/03\/top1_760x370.jpg 760w\" sizes=\"auto, (max-width: 300px) 85vw, 300px\" \/>Morgen j\u00e4hrt sich die Unterzeichnung der R\u00f6mischen Vertr\u00e4ge zum 60. Mal. Am 25. M\u00e4rz 1957 wurde in Rom durch die L\u00e4nder Belgien, Deutschland, Frankreich, Italien, Luxemburg und Niederlande die Gr\u00fcndung der Europ\u00e4ischen Wirtschaftsgemeinschaft (EWG) und der Europ\u00e4ischen Atomgemeinschaft (Euratom) beschlossen. Dieser Unterzeichnung gingen neun Monate Vertragsverhandlungen voraus. Die R\u00f6mischen Vertr\u00e4ge stellen einen Meilenstein in der Gr\u00fcndung der Europ\u00e4ischen Gemeinschaft dar, die sich von 1950 bis 1957 erstreckte. Eine Rekapitulation der vergangenen 60 Jahre gibt es im Video <a href=\"https:\/\/ec.europa.eu\/avservices\/video\/player.cfm?sitelang=en&amp;ref=I133251\">EU60 in 60 seconds<\/a> von der Europ\u00e4ischen Kommission.<\/p>\n<p style=\"text-align: justify\">In der M\u00e4rz-Ausgabe des Newsletters des <a href=\"https:\/\/www.europarl.de\/resource\/static\/newsletter\/Newsletter_2017_03\/index.html\">Informationsb\u00fcros des Europ\u00e4ischen Parlaments<\/a> findet sich zu den R\u00f6mischen Vertr\u00e4gen ein Sonderteil, in dem auch Veranstaltungshinweise zu finden sind.<\/p>\n<p style=\"text-align: justify\">Die Europ\u00e4ische Union selbst hat eine <a href=\"https:\/\/europa.eu\/european-union\/eu60_de\">Sonderseite zum Thema<\/a> eingerichtet, \u00fcber die sich die in ganz Europa verstreuten Veranstaltungen und die Aktivit\u00e4ten der verschiedenen EU-Institutionen einsehen lassen.<\/p>\n<p style=\"text-align: justify\">Auf der Seite der <a href=\"https:\/\/ec.europa.eu\/germany\/events\/eu60_de\">Vertretung der Europ\u00e4ischen Kommission in Deutschland<\/a><a href=\"https:\/\/ec.europa.eu\/germany\/events\/eu60_de\">&nbsp;<\/a> k\u00f6nnen 60 Gr\u00fcnde f\u00fcr die EU entdeckt werden.<\/p>\n<p style=\"text-align: justify\"><img loading=\"lazy\" decoding=\"async\" class=\" wp-image-20712 alignright\" src=\"https:\/\/blogs.fu-berlin.de\/bibliotheken\/files\/2017\/03\/TL_Logo_RZ-1024x594-300x174.png\" alt=\"TruLies-Logo\" width=\"159\" height=\"92\" srcset=\"https:\/\/blogs.fu-berlin.de\/bibliotheken\/files\/2017\/03\/TL_Logo_RZ-1024x594-300x174.png 300w, https:\/\/blogs.fu-berlin.de\/bibliotheken\/files\/2017\/03\/TL_Logo_RZ-1024x594-768x446.png 768w, https:\/\/blogs.fu-berlin.de\/bibliotheken\/files\/2017\/03\/TL_Logo_RZ-1024x594.png 1024w\" sizes=\"auto, (max-width: 159px) 85vw, 159px\" \/>Wo in 60 Jahren 60 Gr\u00fcnde <strong>f\u00fcr<\/strong> Europa zusammengekommen sind, gab es nat\u00fcrlich auch zahlreiche Gr\u00fcnde gegen Europa. Gerade in den letzten Jahren und Monaten sind vermehrt europaskeptische und populistische \u00c4u\u00dferungen von Politikern gemacht worden. F\u00fcr diese gibt es zumindest f\u00fcr Deutschland nun ein Projekt, das diese Aussagen auf ihre Richtigkeit pr\u00fcft. Dieses Projekt namens &#8222;<a href=\"https:\/\/trulies-europe.de\/\">The Truth about Lies on Europe<\/a>&#8222;, kurz TruLies, wird vom <a href=\"https:\/\/iep-berlin.de\/\">Institut f\u00fcr Europ\u00e4ische Politik<\/a> (IEP), dem <a href=\"https:\/\/www.progressives-zentrum.org\/\">Progressiven Zentrum<\/a> und der <a href=\"https:\/\/www.stiftung-mercator.de\/\">Stiftung Mercator<\/a> betrieben. F\u00fcr den ersten Themenblock &#8222;Migration und Asyl&#8220; konnten nun die Ergebnisse zu sechs Aussagen von Politikern nach einer genauen Recherche in <a href=\"https:\/\/trulies-europe.de\/?page_id=566\">jeweilligen Factsheets<\/a> ver\u00f6ffentlicht werden.<\/p>\n<p id=\"title-text\" class=\"with-breadcrumbs\" style=\"text-align: justify\">Weitere Informationen zur EU sowie die aktuelle Sonderausgabe der EU-Nachrichten zum 60. Jahrestag der R\u00f6mischen Vertr\u00e4ge bekommen Sie in unserem <a href=\"https:\/\/www.ub.fu-berlin.de\/bibliothek\/uneu\/\">Dokumentationszentrum&nbsp;UN-EU<\/a>. Zudem k\u00f6nnen wir schon vorab verraten, dass im April die&nbsp;Wanderausstellung des <a href=\"https:\/\/www.eui.eu\/Home.aspx\">EUI (European University Institute)<\/a> &#8222;<strong>Ever Closer Union<\/strong><b>&nbsp;\u2013 The legacy of the Treaties of Rome for Today\u2019s Europe (1957-2017)<\/b>&#8220; im Haus zu Gast sein wird. N\u00e4heres wird hier und auf den Seiten des Dokumentationszentrums noch bekannt gegeben.<\/p>","protected":false},"excerpt":{"rendered":"<p>Der Betrieb des \u201eDokumentationszentrums UN \u2013 EU\u201c wird eingestellt. Die entsprechende Literatur bleibt im Bestand und ist weiterhin zug\u00e4nglich. Morgen j\u00e4hrt sich die Unterzeichnung der R\u00f6mischen Vertr\u00e4ge zum 60. Mal. Am 25. M\u00e4rz 1957 wurde in Rom durch die L\u00e4nder Belgien, Deutschland, Frankreich, Italien, Luxemburg und Niederlande die Gr\u00fcndung der Europ\u00e4ischen Wirtschaftsgemeinschaft (EWG) und der &hellip; <a href=\"https:\/\/blogs.fu-berlin.de\/bibliotheken\/2017\/03\/24\/60-jahre-roemische-vertraege\/\" class=\"more-link\"><span class=\"screen-reader-text\">\u201e60 Jahre R\u00f6mische Vertr\u00e4ge\u201c<\/span> weiterlesen<\/a><\/p>\n","protected":false},"author":343,"featured_media":0,"comment_status":"open","ping_status":"open","sticky":false,"template":"","format":"standard","meta":{"footnotes":""},"categories":[604,70],"tags":[2458,935,1977,187990,188006],"class_list":["post-20706","post","type-post","status-publish","format-standard","hentry","category-ins-netz-geschaut","category-veranstaltungen","tag-dokumentationszentrum-un-eu","tag-europa","tag-europaische-union","tag-roemische-vertraege","tag-wanderausstellung"],"_links":{"self":[{"href":"https:\/\/blogs.fu-berlin.de\/bibliotheken\/wp-json\/wp\/v2\/posts\/20706","targetHints":{"allow":["GET"]}}],"collection":[{"href":"https:\/\/blogs.fu-berlin.de\/bibliotheken\/wp-json\/wp\/v2\/posts"}],"about":[{"href":"https:\/\/blogs.fu-berlin.de\/bibliotheken\/wp-json\/wp\/v2\/types\/post"}],"author":[{"embeddable":true,"href":"https:\/\/blogs.fu-berlin.de\/bibliotheken\/wp-json\/wp\/v2\/users\/343"}],"replies":[{"embeddable":true,"href":"https:\/\/blogs.fu-berlin.de\/bibliotheken\/wp-json\/wp\/v2\/comments?post=20706"}],"version-history":[{"count":14,"href":"https:\/\/blogs.fu-berlin.de\/bibliotheken\/wp-json\/wp\/v2\/posts\/20706\/revisions"}],"predecessor-version":[{"id":29691,"href":"https:\/\/blogs.fu-berlin.de\/bibliotheken\/wp-json\/wp\/v2\/posts\/20706\/revisions\/29691"}],"wp:attachment":[{"href":"https:\/\/blogs.fu-berlin.de\/bibliotheken\/wp-json\/wp\/v2\/media?parent=20706"}],"wp:term":[{"taxonomy":"category","embeddable":true,"href":"https:\/\/blogs.fu-berlin.de\/bibliotheken\/wp-json\/wp\/v2\/categories?post=20706"},{"taxonomy":"post_tag","embeddable":true,"href":"https:\/\/blogs.fu-berlin.de\/bibliotheken\/wp-json\/wp\/v2\/tags?post=20706"}],"curies":[{"name":"wp","href":"https:\/\/api.w.org\/{rel}","templated":true}]}}