{"id":20722,"date":"2017-03-23T09:14:42","date_gmt":"2017-03-23T08:14:42","guid":{"rendered":"https:\/\/blogs.fu-berlin.de\/bibliotheken\/?p=20722"},"modified":"2021-09-17T13:19:03","modified_gmt":"2021-09-17T12:19:03","slug":"multimediatisch-in-der-ub","status":"publish","type":"post","link":"https:\/\/blogs.fu-berlin.de\/bibliotheken\/2017\/03\/23\/multimediatisch-in-der-ub\/","title":{"rendered":"Multimediatisch in der UB"},"content":{"rendered":"\n<p><em><span class=\"has-inline-color has-bright-red-color\">Der Betrieb des \u201eDokumentationszentrums UN \u2013 EU\u201c wird eingestellt. Die entsprechende Literatur bleibt im Bestand und ist weiterhin zug\u00e4nglich.<\/span><\/em><\/p>\n\n\n<p><img loading=\"lazy\" decoding=\"async\" class=\"alignright size-medium wp-image-20728\" src=\"https:\/\/blogs.fu-berlin.de\/bibliotheken\/files\/2017\/03\/Multimediatisch1-186x300.jpg\" alt=\"Multimediatisch1\" width=\"186\" height=\"300\" srcset=\"https:\/\/blogs.fu-berlin.de\/bibliotheken\/files\/2017\/03\/Multimediatisch1-186x300.jpg 186w, https:\/\/blogs.fu-berlin.de\/bibliotheken\/files\/2017\/03\/Multimediatisch1.jpg 371w\" sizes=\"auto, (max-width: 186px) 85vw, 186px\" \/>Die Vertretung der Europ\u00e4ischen Kommission stellt in enger Absprache mit dem Informationsb\u00fcro des Europ\u00e4ischen Parlaments in Deutschland so genannte Multimediatische zur Verf\u00fcgung, die mit Texten, Spielen, Videos und Bildern zur Europ\u00e4ischen Union ausgestattet sind.<\/p>\n<p>Seit heute bis Ende Mai steht ein solcher Multimediatisch im Informationszentrum der UB.<\/p>\n<p>Was beinhaltet der Multimediatisch (in Deutsch und Englisch verf\u00fcgbar):<\/p>\n<ul>\n<li>Informationstexte, z.B.: Was die EU f\u00fcr mich tut!<\/li>\n<li>Europas Hauptst\u00e4dte \u2013 Spiel: St\u00e4dte an richtige Stelle in Karte ziehen<\/li>\n<li>Euro-M\u00fcnzen \u2013 Spiel: Zuordnung zu den L\u00e4ndern<\/li>\n<li>Europ\u00e4isches Haus \u2013 Text zu Vertretung und Informationsb\u00fcro Berlin<\/li>\n<li>Videothek \u2013 z.B. Filme zu Notruf 112, Verkehrspolitik<\/li>\n<li>Gesichter der Kommission \u2013 Foto\/Text zu Kommissaren, Kontaktdaten<\/li>\n<li>Deutsche Europa Abgeordnete \u2013 Text\/Foto und Kontaktdaten<\/li>\n<li>L\u00e4nder der EU \u2013 Spiel: Umriss dem entsprechenden Land zuordnen<\/li>\n<li>Europe Direct Informationszentren \u2013 Karte und Kontaktdaten<\/li>\n<li>Puzzle \u2013 Spiel: z. B. 3 Fotos von EU Kommissaren, Abgeordneten<\/li>\n<\/ul>","protected":false},"excerpt":{"rendered":"<p>Der Betrieb des \u201eDokumentationszentrums UN \u2013 EU\u201c wird eingestellt. Die entsprechende Literatur bleibt im Bestand und ist weiterhin zug\u00e4nglich. Die Vertretung der Europ\u00e4ischen Kommission stellt in enger Absprache mit dem Informationsb\u00fcro des Europ\u00e4ischen Parlaments in Deutschland so genannte Multimediatische zur Verf\u00fcgung, die mit Texten, Spielen, Videos und Bildern zur Europ\u00e4ischen Union ausgestattet sind. Seit heute &hellip; <a href=\"https:\/\/blogs.fu-berlin.de\/bibliotheken\/2017\/03\/23\/multimediatisch-in-der-ub\/\" class=\"more-link\"><span class=\"screen-reader-text\">\u201eMultimediatisch in der UB\u201c<\/span> weiterlesen<\/a><\/p>\n","protected":false},"author":2907,"featured_media":0,"comment_status":"open","ping_status":"open","sticky":false,"template":"","format":"standard","meta":{"footnotes":""},"categories":[9,601],"tags":[2458,56945,188007],"class_list":["post-20722","post","type-post","status-publish","format-standard","hentry","category-allgemein","category-universitatsbibliothek","tag-dokumentationszentrum-un-eu","tag-europaeische-kommission","tag-multimediatisch"],"_links":{"self":[{"href":"https:\/\/blogs.fu-berlin.de\/bibliotheken\/wp-json\/wp\/v2\/posts\/20722","targetHints":{"allow":["GET"]}}],"collection":[{"href":"https:\/\/blogs.fu-berlin.de\/bibliotheken\/wp-json\/wp\/v2\/posts"}],"about":[{"href":"https:\/\/blogs.fu-berlin.de\/bibliotheken\/wp-json\/wp\/v2\/types\/post"}],"author":[{"embeddable":true,"href":"https:\/\/blogs.fu-berlin.de\/bibliotheken\/wp-json\/wp\/v2\/users\/2907"}],"replies":[{"embeddable":true,"href":"https:\/\/blogs.fu-berlin.de\/bibliotheken\/wp-json\/wp\/v2\/comments?post=20722"}],"version-history":[{"count":4,"href":"https:\/\/blogs.fu-berlin.de\/bibliotheken\/wp-json\/wp\/v2\/posts\/20722\/revisions"}],"predecessor-version":[{"id":29766,"href":"https:\/\/blogs.fu-berlin.de\/bibliotheken\/wp-json\/wp\/v2\/posts\/20722\/revisions\/29766"}],"wp:attachment":[{"href":"https:\/\/blogs.fu-berlin.de\/bibliotheken\/wp-json\/wp\/v2\/media?parent=20722"}],"wp:term":[{"taxonomy":"category","embeddable":true,"href":"https:\/\/blogs.fu-berlin.de\/bibliotheken\/wp-json\/wp\/v2\/categories?post=20722"},{"taxonomy":"post_tag","embeddable":true,"href":"https:\/\/blogs.fu-berlin.de\/bibliotheken\/wp-json\/wp\/v2\/tags?post=20722"}],"curies":[{"name":"wp","href":"https:\/\/api.w.org\/{rel}","templated":true}]}}