{"id":20770,"date":"2017-03-28T14:19:20","date_gmt":"2017-03-28T13:19:20","guid":{"rendered":"https:\/\/blogs.fu-berlin.de\/bibliotheken\/?p=20770"},"modified":"2017-04-03T11:21:46","modified_gmt":"2017-04-03T10:21:46","slug":"ungewoehnlichster-buchtitel-des-jahres-gekuert","status":"publish","type":"post","link":"https:\/\/blogs.fu-berlin.de\/bibliotheken\/2017\/03\/28\/ungewoehnlichster-buchtitel-des-jahres-gekuert\/","title":{"rendered":"Ungew\u00f6hnlichster Buchtitel des Jahres gek\u00fcrt"},"content":{"rendered":"<p>Zum vierten Mal nach 2014 wurde der Preistr\u00e4ger des \u201e<a href=\"https:\/\/wasliestdu.de\/magazin\/2017\/ungewoehnlichster-buchtitel-des-jahres-2016\">Ungew\u00f6hnlichsten Buchtitel des Jahres<\/a>\u201c gek\u00fcrt. Hatte im vergangenen Jahr noch das R\u00e4tselbuch \u201eAufgeben ist keine L\u00f6sung. Au\u00dfer bei Paketen\u201c von Patrick Salmen und Quichotte triumphiert, ging die Auszeichnung f\u00fcr das Jahr 2016 an Sebastian 23 (b\u00fcrgerlich Sebastian Rabsahl). Der 38-j\u00e4hrige Kabarettist, Moderator, Liedermacher und Poetry Slammer aus Duisburg konnte Jury und Publikum mit dem Titel \u201eHinfallen ist wie Anlehnen, nur sp\u00e4ter\u201c \u00fcberzeugen. Damit ging die Auszeichnung erneut an das Buch eines Poetry Slammers aus dem Lektora Verlag.<\/p>\n<p>Auf Platz zwei landete \u201eDas Ende der Welt ist auch nicht mehr das, was es mal war\u201c von Sebastian Niedlich (dotbooks Verlag), Bronze gewann \u201eMein Vater, das Kondom und andere nicht ganz dichte Sachen\u201c von Gudrun Skretting (Carlsen Verlag). Die komplette Shortlist mit zum Teil doch recht schl\u00fcpfrigen Titeln und dem Online-Voting-Ergebnis l\u00e4sst sich bei <a href=\"https:\/\/wasliestdu.de\/umfrage\/2017\/ungewoehnlichster-buchtitel-des-jahres-2016-shortlist\">wasliestdu.de<\/a> nachlesen.<\/p>\n<p>Der Wettbewerb wird j\u00e4hrlich von der Online-Buchcommunity \u201eWas liest Du?\u201c der Mayerschen Buchhandlung durchgef\u00fchrt und neben dem Online-Publikum von einer Fachjury mitvergeben. Dieser geh\u00f6rten 2017 u. a. die Comedians und Moderatoren Klaus-J\u00fcrgen &#8222;Knacki&#8220; Deuser, Simon Kr\u00e4tschmer, Max Moor und Thorsten Schoorn an.<\/p>\n","protected":false},"excerpt":{"rendered":"<p>Zum vierten Mal nach 2014 wurde der Preistr\u00e4ger des \u201eUngew\u00f6hnlichsten Buchtitel des Jahres\u201c gek\u00fcrt. Hatte im vergangenen Jahr noch das R\u00e4tselbuch \u201eAufgeben ist keine L\u00f6sung. Au\u00dfer bei Paketen\u201c von Patrick Salmen und Quichotte triumphiert, ging die Auszeichnung f\u00fcr das Jahr 2016 an Sebastian 23 (b\u00fcrgerlich Sebastian Rabsahl). Der 38-j\u00e4hrige Kabarettist, Moderator, Liedermacher und Poetry Slammer &hellip; <a href=\"https:\/\/blogs.fu-berlin.de\/bibliotheken\/2017\/03\/28\/ungewoehnlichster-buchtitel-des-jahres-gekuert\/\" class=\"more-link\"><span class=\"screen-reader-text\">\u201eUngew\u00f6hnlichster Buchtitel des Jahres gek\u00fcrt\u201c<\/span> weiterlesen<\/a><\/p>\n","protected":false},"author":293,"featured_media":0,"comment_status":"open","ping_status":"open","sticky":false,"template":"","format":"standard","meta":{"footnotes":""},"categories":[9,604],"tags":[188012],"class_list":["post-20770","post","type-post","status-publish","format-standard","hentry","category-allgemein","category-ins-netz-geschaut","tag-ungewoehnlichster-buchtitel-des-jahres"],"_links":{"self":[{"href":"https:\/\/blogs.fu-berlin.de\/bibliotheken\/wp-json\/wp\/v2\/posts\/20770","targetHints":{"allow":["GET"]}}],"collection":[{"href":"https:\/\/blogs.fu-berlin.de\/bibliotheken\/wp-json\/wp\/v2\/posts"}],"about":[{"href":"https:\/\/blogs.fu-berlin.de\/bibliotheken\/wp-json\/wp\/v2\/types\/post"}],"author":[{"embeddable":true,"href":"https:\/\/blogs.fu-berlin.de\/bibliotheken\/wp-json\/wp\/v2\/users\/293"}],"replies":[{"embeddable":true,"href":"https:\/\/blogs.fu-berlin.de\/bibliotheken\/wp-json\/wp\/v2\/comments?post=20770"}],"version-history":[{"count":6,"href":"https:\/\/blogs.fu-berlin.de\/bibliotheken\/wp-json\/wp\/v2\/posts\/20770\/revisions"}],"predecessor-version":[{"id":20807,"href":"https:\/\/blogs.fu-berlin.de\/bibliotheken\/wp-json\/wp\/v2\/posts\/20770\/revisions\/20807"}],"wp:attachment":[{"href":"https:\/\/blogs.fu-berlin.de\/bibliotheken\/wp-json\/wp\/v2\/media?parent=20770"}],"wp:term":[{"taxonomy":"category","embeddable":true,"href":"https:\/\/blogs.fu-berlin.de\/bibliotheken\/wp-json\/wp\/v2\/categories?post=20770"},{"taxonomy":"post_tag","embeddable":true,"href":"https:\/\/blogs.fu-berlin.de\/bibliotheken\/wp-json\/wp\/v2\/tags?post=20770"}],"curies":[{"name":"wp","href":"https:\/\/api.w.org\/{rel}","templated":true}]}}