{"id":20788,"date":"2017-04-06T13:36:53","date_gmt":"2017-04-06T12:36:53","guid":{"rendered":"https:\/\/blogs.fu-berlin.de\/bibliotheken\/?p=20788"},"modified":"2021-09-16T10:34:29","modified_gmt":"2021-09-16T09:34:29","slug":"european-summer-course-a-continent-in-troubled-times-eus-perspectives-in-a-changing-world","status":"publish","type":"post","link":"https:\/\/blogs.fu-berlin.de\/bibliotheken\/2017\/04\/06\/european-summer-course-a-continent-in-troubled-times-eus-perspectives-in-a-changing-world\/","title":{"rendered":"European Summer Course &#8222;A Continent in Troubled Times &#8211; EU&#8217;s Perspectives in a Changing World&#8220;"},"content":{"rendered":"\n<p><em><span class=\"has-inline-color has-bright-red-color\">Der Betrieb des \u201eDokumentationszentrums UN \u2013 EU\u201c wird eingestellt. Die entsprechende Literatur bleibt im Bestand und ist weiterhin zug\u00e4nglich.<\/span><\/em><\/p>\n\n\n<p>Vom 16. bis 27. August 2017 findet an der Europa-Akademie in Otzenhausen der&nbsp; European Summer Course des <a href=\"https:\/\/www.europainstitut.de\/\">Europa-Instituts der Universit\u00e4t des Saarlandes<\/a> in Kooperation mit der <a href=\"https:\/\/www.asko-europa-stiftung.de\/\">ASKO Europa-Stiftung<\/a>, der <a href=\"https:\/\/www.eao-otzenhausen.de\/\">Europ\u00e4ischen Akademie Otzenhausen<\/a> und des <a href=\"https:\/\/www.cife.eu\/\">Centre international de formation europ\u00e9enne<\/a> (Cife) statt. Der European Summer Course 2017 wird unterst\u00fctzt vom DAAD und dem Ausw\u00e4rtigen Amt.<\/p>\n<p>Der European Summer Course richtet sich an Studierende, die ihr Wissen \u00fcber die Europ\u00e4ische Union und Europ\u00e4ische Integration gemeinsam mit internationalen Studierenden aus aller Welt vertiefen m\u00f6chten. Exkursionen zu den europ\u00e4ischen Institutionen in Br\u00fcssel und Stra\u00dfburg runden das Programm ab.<\/p>\n<p>Alle weiteren Informationen zu dem Summer Course entnehmen Sie bitte dem <a href=\"https:\/\/134.96.55.190\/fileadmin\/user_upload\/europa-institut\/dokumente\/Summer_Schools\/SEE_EU_SummerCourse_Flyer_SCREEN.pdf\">Flyer<\/a> und unter <a href=\"https:\/\/www.europainstitut.de\/index.php?id=294\">www.europainstitut.de\/esc2017<\/a>.<\/p>\n<p><em><strong>Die Anmeldefrist f\u00fcr den Summer Course l\u00e4uft bis 1. Mai 2017.<\/strong><\/em><\/p>\n<p>Noch mehr Informationen zur EU bekommen Sie in unserem <a class=\"external-link\" href=\"https:\/\/www.ub.fu-berlin.de\/bibliothek\/uneu\/\" rel=\"nofollow\">Dokumentationszentrum&nbsp;UN-EU<\/a>.<\/p>","protected":false},"excerpt":{"rendered":"<p>Der Betrieb des \u201eDokumentationszentrums UN \u2013 EU\u201c wird eingestellt. Die entsprechende Literatur bleibt im Bestand und ist weiterhin zug\u00e4nglich. Vom 16. bis 27. August 2017 findet an der Europa-Akademie in Otzenhausen der&nbsp; European Summer Course des Europa-Instituts der Universit\u00e4t des Saarlandes in Kooperation mit der ASKO Europa-Stiftung, der Europ\u00e4ischen Akademie Otzenhausen und des Centre international &hellip; <a href=\"https:\/\/blogs.fu-berlin.de\/bibliotheken\/2017\/04\/06\/european-summer-course-a-continent-in-troubled-times-eus-perspectives-in-a-changing-world\/\" class=\"more-link\"><span class=\"screen-reader-text\">\u201eEuropean Summer Course &#8222;A Continent in Troubled Times &#8211; EU&#8217;s Perspectives in a Changing World&#8220;\u201c<\/span> weiterlesen<\/a><\/p>\n","protected":false},"author":2907,"featured_media":0,"comment_status":"open","ping_status":"open","sticky":false,"template":"","format":"standard","meta":{"footnotes":""},"categories":[9,70],"tags":[2458,935,188014],"class_list":["post-20788","post","type-post","status-publish","format-standard","hentry","category-allgemein","category-veranstaltungen","tag-dokumentationszentrum-un-eu","tag-europa","tag-european-summer-course"],"_links":{"self":[{"href":"https:\/\/blogs.fu-berlin.de\/bibliotheken\/wp-json\/wp\/v2\/posts\/20788","targetHints":{"allow":["GET"]}}],"collection":[{"href":"https:\/\/blogs.fu-berlin.de\/bibliotheken\/wp-json\/wp\/v2\/posts"}],"about":[{"href":"https:\/\/blogs.fu-berlin.de\/bibliotheken\/wp-json\/wp\/v2\/types\/post"}],"author":[{"embeddable":true,"href":"https:\/\/blogs.fu-berlin.de\/bibliotheken\/wp-json\/wp\/v2\/users\/2907"}],"replies":[{"embeddable":true,"href":"https:\/\/blogs.fu-berlin.de\/bibliotheken\/wp-json\/wp\/v2\/comments?post=20788"}],"version-history":[{"count":4,"href":"https:\/\/blogs.fu-berlin.de\/bibliotheken\/wp-json\/wp\/v2\/posts\/20788\/revisions"}],"predecessor-version":[{"id":29441,"href":"https:\/\/blogs.fu-berlin.de\/bibliotheken\/wp-json\/wp\/v2\/posts\/20788\/revisions\/29441"}],"wp:attachment":[{"href":"https:\/\/blogs.fu-berlin.de\/bibliotheken\/wp-json\/wp\/v2\/media?parent=20788"}],"wp:term":[{"taxonomy":"category","embeddable":true,"href":"https:\/\/blogs.fu-berlin.de\/bibliotheken\/wp-json\/wp\/v2\/categories?post=20788"},{"taxonomy":"post_tag","embeddable":true,"href":"https:\/\/blogs.fu-berlin.de\/bibliotheken\/wp-json\/wp\/v2\/tags?post=20788"}],"curies":[{"name":"wp","href":"https:\/\/api.w.org\/{rel}","templated":true}]}}