{"id":20882,"date":"2017-04-12T13:00:15","date_gmt":"2017-04-12T12:00:15","guid":{"rendered":"https:\/\/blogs.fu-berlin.de\/bibliotheken\/?p=20882"},"modified":"2021-09-16T10:32:18","modified_gmt":"2021-09-16T09:32:18","slug":"ein-blick-in-die-digitale-zukunft","status":"publish","type":"post","link":"https:\/\/blogs.fu-berlin.de\/bibliotheken\/2017\/04\/12\/ein-blick-in-die-digitale-zukunft\/","title":{"rendered":"Ein Blick in die Digitale Zukunft"},"content":{"rendered":"\n<p><em><span class=\"has-inline-color has-bright-red-color\">Der Betrieb des \u201eDokumentationszentrums UN \u2013 EU\u201c wird eingestellt. Die entsprechende Literatur bleibt im Bestand und ist weiterhin zug\u00e4nglich.<\/span><\/em><\/p>\n\n\n<p style=\"text-align: justify\"><img loading=\"lazy\" decoding=\"async\" class=\"size-medium wp-image-20886 alignright\" src=\"https:\/\/blogs.fu-berlin.de\/bibliotheken\/files\/2017\/04\/LOGO-300x114.png\" alt=\"Logo Digital Tomorrow\" width=\"300\" height=\"114\" srcset=\"https:\/\/blogs.fu-berlin.de\/bibliotheken\/files\/2017\/04\/LOGO-300x114.png 300w, https:\/\/blogs.fu-berlin.de\/bibliotheken\/files\/2017\/04\/LOGO.png 385w\" sizes=\"auto, (max-width: 300px) 85vw, 300px\" \/>Wie wird die digitale Welt in wenigen Jahren aussehen? Wie werden die Entscheidungen weniger Menschen die Entwicklungen der Welt beeinflussen? Wie steht es um Bandbreiten, Versorgungsdichte und Netzneutralit\u00e4t? Wenn ihr zwischen 16 und 25 Jahren alt seid und davon eine Vorstellung habt, k\u00f6nnt ihr sie jetzt mit anderen teilen und dabei noch etwas gewinnen.<\/p>\n<p style=\"text-align: justify\">Der <a href=\"https:\/\/www.digitaltomorrow.eu\/\">Digital Tomorrow Youth Video Contest<\/a> der Europ\u00e4ischen Kommission wird nach den Visionen der digitalen Zukunft gesucht. Noch bis zum 28. April k\u00f6nnen Videos eingereicht werden. Die Form des Videos kann ein Vlog sein, aber auch ein Animations- oder Kurzfilm ist m\u00f6glich. Auf der Webseite gibt es noch viele Inspirationsm\u00f6glichkeiten zu entdecken.<\/p>\n<p style=\"text-align: justify\">Zu gewinnen gibt es ein mobiles Video Produktionsstudio und eine Reise nach Malta, um am Plenary Youth Panel am 16. Juni im Rahmen der <a href=\"https:\/\/ec.europa.eu\/digital-single-market\/en\/digital-assembly-2017-valletta\">Digital Assembly 2017<\/a> teilzunehmen.<\/p>\n<p style=\"text-align: justify\">Die Teilnahmebedingungen k\u00f6nnen auf der Seite des Wettbewerbes eingesehen werden.<\/p>\n<p style=\"text-align: justify\">Weitere Informationen zur EU bekommen Sie in unserem <a href=\"https:\/\/www.ub.fu-berlin.de\/bibliothek\/uneu\/\">Dokumentationszentrum&nbsp;UN-EU<\/a>.<\/p>\n<p>&nbsp;<\/p>","protected":false},"excerpt":{"rendered":"<p>Der Betrieb des \u201eDokumentationszentrums UN \u2013 EU\u201c wird eingestellt. Die entsprechende Literatur bleibt im Bestand und ist weiterhin zug\u00e4nglich. Wie wird die digitale Welt in wenigen Jahren aussehen? Wie werden die Entscheidungen weniger Menschen die Entwicklungen der Welt beeinflussen? Wie steht es um Bandbreiten, Versorgungsdichte und Netzneutralit\u00e4t? Wenn ihr zwischen 16 und 25 Jahren alt &hellip; <a href=\"https:\/\/blogs.fu-berlin.de\/bibliotheken\/2017\/04\/12\/ein-blick-in-die-digitale-zukunft\/\" class=\"more-link\"><span class=\"screen-reader-text\">\u201eEin Blick in die Digitale Zukunft\u201c<\/span> weiterlesen<\/a><\/p>\n","protected":false},"author":343,"featured_media":0,"comment_status":"open","ping_status":"open","sticky":false,"template":"","format":"standard","meta":{"footnotes":""},"categories":[604],"tags":[2458,56945,46855],"class_list":["post-20882","post","type-post","status-publish","format-standard","hentry","category-ins-netz-geschaut","tag-dokumentationszentrum-un-eu","tag-europaeische-kommission","tag-wettbewerb"],"_links":{"self":[{"href":"https:\/\/blogs.fu-berlin.de\/bibliotheken\/wp-json\/wp\/v2\/posts\/20882","targetHints":{"allow":["GET"]}}],"collection":[{"href":"https:\/\/blogs.fu-berlin.de\/bibliotheken\/wp-json\/wp\/v2\/posts"}],"about":[{"href":"https:\/\/blogs.fu-berlin.de\/bibliotheken\/wp-json\/wp\/v2\/types\/post"}],"author":[{"embeddable":true,"href":"https:\/\/blogs.fu-berlin.de\/bibliotheken\/wp-json\/wp\/v2\/users\/343"}],"replies":[{"embeddable":true,"href":"https:\/\/blogs.fu-berlin.de\/bibliotheken\/wp-json\/wp\/v2\/comments?post=20882"}],"version-history":[{"count":5,"href":"https:\/\/blogs.fu-berlin.de\/bibliotheken\/wp-json\/wp\/v2\/posts\/20882\/revisions"}],"predecessor-version":[{"id":29439,"href":"https:\/\/blogs.fu-berlin.de\/bibliotheken\/wp-json\/wp\/v2\/posts\/20882\/revisions\/29439"}],"wp:attachment":[{"href":"https:\/\/blogs.fu-berlin.de\/bibliotheken\/wp-json\/wp\/v2\/media?parent=20882"}],"wp:term":[{"taxonomy":"category","embeddable":true,"href":"https:\/\/blogs.fu-berlin.de\/bibliotheken\/wp-json\/wp\/v2\/categories?post=20882"},{"taxonomy":"post_tag","embeddable":true,"href":"https:\/\/blogs.fu-berlin.de\/bibliotheken\/wp-json\/wp\/v2\/tags?post=20882"}],"curies":[{"name":"wp","href":"https:\/\/api.w.org\/{rel}","templated":true}]}}